{"id":98350,"date":"2023-03-14T09:58:20","date_gmt":"2023-03-14T12:58:20","guid":{"rendered":"https:\/\/primicias2262.com\/?p=98350"},"modified":"2023-03-14T09:58:20","modified_gmt":"2023-03-14T12:58:20","slug":"de-cara-a-las-elecciones-rojas-pidio-por-una-campana-electoral-responsable","status":"publish","type":"post","link":"https:\/\/primicias2262.com\/noticias\/de-cara-a-las-elecciones-rojas-pidio-por-una-campana-electoral-responsable\/","title":{"rendered":"De cara a las elecciones Rojas pidi\u00f3 por una \u201ccampa\u00f1a electoral responsable\u201d"},"content":{"rendered":"<p><strong>El intendente de Necochea sostuvo que los y las que se presenten deber\u00e1n explicar el qu\u00e9 y el c\u00f3mo llevar\u00e1n a cabo lo que proponen, y agreg\u00f3 que tambi\u00e9n \u201cpretendo que muestren cu\u00e1l es su historial en t\u00e9rminos pol\u00edticos\u201d.<\/strong><\/p>\n<p>Faltan varios meses para las elecciones PASO de agosto y las generales de octubre, pero en \u201cVoces de la Ciudad\u201d el periodista Jorge G\u00f3mez le pregunt\u00f3 al intendente Arturo Rojas acerca de lo que pretende para la campa\u00f1a electoral que comenzar\u00e1 dentro de no mucho tiempo.<\/p>\n<p>Al respecto, el jefe comunal respondi\u00f3 que \u201cme gustar\u00eda que sea una campa\u00f1a electoral responsable en t\u00e9rminos de lo que se propone y que se diga el qu\u00e9 y c\u00f3mo, porque a veces se escuchan planteos como que las tasas municipales habr\u00eda que reducirlas y si nosotros hici\u00e9ramos hoy una campa\u00f1a electoral prometiendo una reducci\u00f3n del 40% de las tasas municipales a todos los vecinos, todos estar\u00edan muy contentos, pero ya al mes siguiente no podr\u00edamos pagarle a los proveedores y pagar\u00edamos de forma muy ajustada los sueldos entre la coparticipaci\u00f3n y la recaudaci\u00f3n, pero ya no podr\u00edas brindar servicios, se parar\u00edan las obras, tendr\u00edamos problemas con insumos hospitalarios, con el servicio de recolecci\u00f3n y as\u00ed\u2026 ser\u00eda un caos, as\u00ed que hay que ser responsables a la hora de proponer, y estoy dispuesto a los debates correspondientes\u201d.<\/p>\n<p>Agreg\u00f3 seguidamente que \u201cla improvisaci\u00f3n le ha hecho mucho mal a la pol\u00edtica necochense, por eso digo que no es f\u00e1cil conocer de la administraci\u00f3n p\u00fablica y muchos tendr\u00e1n que demostrar qu\u00e9 es lo que han hecho en su pasado y qu\u00e9 han legislado -si fueron concejales- en beneficio de los vecinos, o si estuvieron al frente de una instituci\u00f3n qu\u00e9 es lo que hicieron durante ese lapso\u201d, ampliando que \u201cpretendo que las y los que se presenten, muestren cu\u00e1l es su historial en t\u00e9rminos pol\u00edticos, porque no hay ninguno que venga del sector privado, est\u00e1n todos con alg\u00fan tipo de experiencia en t\u00e9rminos pol\u00edticos\u201d.<\/p>\n<p>Realizando una mirada para s\u00ed y su partido, asegur\u00f3 Rojas que \u201cnos hemos mostrado por encima de la grieta desde el inicio de la gesti\u00f3n con un equipo absolutamente plural de funcionarios de diferentes ideolog\u00edas, porque yo he gestionado ante las actuales autoridades como corresponde con madurez, aunque en el \u00faltimo tiempo vimos un freno en el env\u00edo de fondos por parte de Provincia y esperamos que esto se pueda solucionar, tenemos conversaciones permanentes y nos hace falta una reuni\u00f3n m\u00e1s con la gobernaci\u00f3n\u201d.<\/p>\n<p>\u201cQuiero creer que esto no tiene que ver con que es un a\u00f1o electoral y hay cuestiones partidarias en el medio, porque yo quiero seguir haciendo el trabajo en conjunto con este gobierno y con el que venga, ya sea que siga este mismo o que venga otro\u201d, acot\u00f3.<\/p>\n<p>Finalmente, dej\u00f3 en claro que el 65% de la aprobaci\u00f3n que su gesti\u00f3n tiene a nivel local \u201cno significa que tendremos ese porcentaje de votos, pero este a\u00f1o intentaremos mostrarle a los vecinos qu\u00e9 es lo que hemos hecho y qu\u00e9 es lo que nos falta. Recordemos que nos toc\u00f3 asumir en un municipio fundido en lo econ\u00f3mico y abandonado en los espacios p\u00fablicos, y a los pocos meses nos toc\u00f3 la pandemia, que hizo que los escasos recursos que \u00edbamos recolectando con la moratoria fueran volcados al sistema de salud para lograr que ni un solo vecino fuera derivado a otra localidad, como pas\u00f3 con Tandil por ejemplo. A pesar de eso, no hemos parado de hacer obras, de mejorar los servicios y de generar orden econ\u00f3mico, y eso se va viendo, y hemos estado permanentemente con los vecinos, el a\u00f1o pasado de hecho atendimos a m\u00e1s de mil vecinos en la Oficina M\u00f3vil, sin audiencia previa y de manera personal en 25 barrios\u201d.<\/p>\n","protected":false},"excerpt":{"rendered":"<p>El intendente de Necochea sostuvo que los y las que se presenten deber\u00e1n explicar el qu\u00e9 y el c\u00f3mo llevar\u00e1n a cabo lo que proponen, y agreg\u00f3 que tambi\u00e9n \u201cpretendo que muestren cu\u00e1l es su historial en t\u00e9rminos pol\u00edticos\u201d. Faltan varios meses para las elecciones PASO de agosto y las generales de octubre, pero en [&hellip;]<\/p>\n","protected":false},"author":3,"featured_media":98329,"comment_status":"closed","ping_status":"closed","sticky":false,"template":"","format":"standard","meta":{"footnotes":""},"categories":[3],"tags":[],"class_list":["post-98350","post","type-post","status-publish","format-standard","has-post-thumbnail","category-masnoticias"],"_links":{"self":[{"href":"https:\/\/primicias2262.com\/noticias\/wp-json\/wp\/v2\/posts\/98350","targetHints":{"allow":["GET"]}}],"collection":[{"href":"https:\/\/primicias2262.com\/noticias\/wp-json\/wp\/v2\/posts"}],"about":[{"href":"https:\/\/primicias2262.com\/noticias\/wp-json\/wp\/v2\/types\/post"}],"author":[{"embeddable":true,"href":"https:\/\/primicias2262.com\/noticias\/wp-json\/wp\/v2\/users\/3"}],"replies":[{"embeddable":true,"href":"https:\/\/primicias2262.com\/noticias\/wp-json\/wp\/v2\/comments?post=98350"}],"version-history":[{"count":0,"href":"https:\/\/primicias2262.com\/noticias\/wp-json\/wp\/v2\/posts\/98350\/revisions"}],"wp:attachment":[{"href":"https:\/\/primicias2262.com\/noticias\/wp-json\/wp\/v2\/media?parent=98350"}],"wp:term":[{"taxonomy":"category","embeddable":true,"href":"https:\/\/primicias2262.com\/noticias\/wp-json\/wp\/v2\/categories?post=98350"},{"taxonomy":"post_tag","embeddable":true,"href":"https:\/\/primicias2262.com\/noticias\/wp-json\/wp\/v2\/tags?post=98350"}],"curies":[{"name":"wp","href":"https:\/\/api.w.org\/{rel}","templated":true}]}}