{"id":98355,"date":"2023-03-14T10:44:27","date_gmt":"2023-03-14T13:44:27","guid":{"rendered":"https:\/\/primicias2262.com\/?p=98355"},"modified":"2023-03-14T10:44:27","modified_gmt":"2023-03-14T13:44:27","slug":"el-panorama-en-osprera-no-es-alentador-y-la-politica-de-necochea-tambien-esta-metida-en-esto-lamentablemente","status":"publish","type":"post","link":"https:\/\/primicias2262.com\/noticias\/el-panorama-en-osprera-no-es-alentador-y-la-politica-de-necochea-tambien-esta-metida-en-esto-lamentablemente\/","title":{"rendered":"\u201cEl panorama en OSPRERA no es alentador\u201d y \u201cla pol\u00edtica de Necochea tambi\u00e9n est\u00e1 metida en esto lamentablemente\u201d"},"content":{"rendered":"<p><strong>Son algunas de las frases que dej\u00f3 Alejandro Segovia en su comunicaci\u00f3n con \u201cVoces de la Ciudad\u201d, durante una nota realizada por el periodista Jorge G\u00f3mez con el citado dirigente que retoma la conducci\u00f3n de dicha obra social de los trabajadores rurales en la Provincia de Buenos Aires.<\/strong><\/p>\n<p>Segovia se hab\u00eda ido en diciembre de 2021 y relat\u00f3 lo que se encontr\u00f3 al volver: \u201cEl panorama \u00a0no es nada alentador, m\u00e1s que nada para los afiliados, porque va a costar mucho trabajo volver a recuperar la confianza que hab\u00edamos logrado durante la gesti\u00f3n del \u201cMomo\u201d (Ger\u00f3nimo Venegas). Fue una obra social muy importante en el pa\u00eds, \u00e9ramos reconocidos como una de las mejores obras sociales, que siempre pagaba y ten\u00eda una seriedad en el mercado que cost\u00f3 mucho tiempo tenerla, y en poco tiempo, en un a\u00f1o y moneditas hemos perdido toda esa credibilidad, y lo peor es que los afiliados no tienen d\u00f3nde atenderse o es muy complicado el sistema en su funcionamiento, as\u00ed que estamos convocados para volver a recuperar lo que tuvimos antes\u201d.<\/p>\n<p>Incluso, Segovia apunt\u00f3 con \u00e9nfasis a la pol\u00edtica local. \u201cPor supuesto que la pol\u00edtica partidaria se mete en estas cosas y la pol\u00edtica de Necochea tambi\u00e9n est\u00e1 metida en esto lamentablemente, porque hay personajes que son los que llevaron a que la obra social est\u00e9 c\u00f3mo est\u00e1 y los tenemos enquistados en Necochea tambi\u00e9n, todo el mundo lo sabe pero se callan la boca, y por qu\u00e9\u2026 porque reparten plata\u201d.<\/p>\n<p><a href=\"https:\/\/primicias2262.com\/wp-content\/uploads\/2023\/03\/segovia.jpeg\"><img loading=\"lazy\" decoding=\"async\" class=\"alignleft size-medium wp-image-98244\" src=\"https:\/\/primicias2262.com\/wp-content\/uploads\/2023\/03\/segovia-219x300.jpeg\" alt=\"\" width=\"219\" height=\"300\" \/><\/a>Seguidamente afirm\u00f3 que \u201chay que tener dignidad en la vida, a m\u00ed no me compra nadie, Alejandro Segovia vale nada para nadie\u2026 no lo hice con el \u201cMomo\u201d y no lo voy a hacer con ninguno de estos personajes. A m\u00ed no me hubiesen sacado, pero me sacaron porque ellos no pod\u00edan hacer negocios con la obra social y lo puedo decir a los cuatro vientos, ellos no pueden decir lo mismo y son personajes que est\u00e1n dando vueltas en Necochea\u2026 hasta se podr\u00eda dar nombres y apellidos, pero ya va a llegar el momento porque ahora hay que tener mucha precauci\u00f3n porque ac\u00e1 hay una causa judicial\u2026 despu\u00e9s de eso no tengo ning\u00fan problema en decir qui\u00e9nes son, que vengan se sienten frente a m\u00ed y lo discutimos, y que la gente de Necochea sepa qui\u00e9n es qui\u00e9n\u201d.<\/p>\n<p>Acerca de c\u00f3mo sacar\u00e1n adelante la situaci\u00f3n, Segovia se\u00f1al\u00f3 que es posible habiendo seriedad y conociendo los actores, y adem\u00e1s \u201cse arm\u00f3 un buen equipo en OSPRERA Central con gente que nos conocemos de toda la vida y tambi\u00e9n hab\u00eda sido separada de la obra social injustamente, as\u00ed que el equipo est\u00e1 y la estructura la tenemos, y por sobre todas las cosas tenemos el compromiso que tuvimos con \u201cMomo\u201d, de volver a poner esto de pie por \u00e9l y por todos los trabadores rurales, como \u00e9l quer\u00eda\u201d, manifest\u00f3.<\/p>\n<p>A continuaci\u00f3n, le hablo directamente a los afiliados: \u201cLes digo que van a tener de m\u00ed todo lo mejor. Saben que vengo a trabajar todos los d\u00edas, ya me ha llamado gente que se tiene que operar y hacerse intervenciones complejas, compa\u00f1eros que han estado trabajando conmigo, \u00bfc\u00f3mo les voy a decir que no tienen la prestaci\u00f3n? no me puedo quedar ni un segundo en mi oficina si no lo soluciono\u2026 una vez que esto est\u00e9 normalizado nadie va a tener problemas. Venimos a controlar que esto funcione, nada m\u00e1s\u2026 nuestra tarea es ordenar todo, tengo gente en la delegaci\u00f3n que ha estado toda la vida, sabe lo que es esto y lo vamos a sacar adelante\u201d.<\/p>\n<p>En lo que a s\u00ed mismo refiere, Segovia asegur\u00f3 que \u201cesto es m\u00e1s un desaf\u00edo personal que otra cosa, porque uno ya est\u00e1 a punto de jubilarse, ya ha dejado casi la vida ac\u00e1, pero el \u00fanico inter\u00e9s que tenemos todos es que el trabajador rural vuelva a tener lo que nunca deber\u00eda que haber perdido, ese es el objetivo central y lo vamos a lograr porque tenemos el equipo y el respaldo del interventor y el juez de la causa en encaminar esto nuevamente\u201d.<\/p>\n<p><a href=\"https:\/\/primicias2262.com\/wp-content\/uploads\/2023\/03\/segovia-momo.jpeg\"><img loading=\"lazy\" decoding=\"async\" class=\"aligncenter size-large wp-image-98243\" src=\"https:\/\/primicias2262.com\/wp-content\/uploads\/2023\/03\/segovia-momo-1024x1024.jpeg\" alt=\"\" width=\"696\" height=\"696\" \/><\/a>Finalmente, en lo concerniente a OSPRERA, asever\u00f3 que \u201chay un gran desconocimiento de lo que es el manejo de una obra social\u2026 una obra social no se maneja como una empresa privada, no es m\u00eda ni de nadie, ni fue de Ger\u00f3nimo Venegas. Nosotros somos meros administradores de los aportes de los trabajadores, que son los que est\u00e1n en el surco, los que se comen el sol y el fr\u00edo y pasan por todas las vicisitudes. Esta gente que entr\u00f3 ha hecho muchas barrabasadas y ahora va a tener que demostrar en la Justicia d\u00f3nde est\u00e1 la plata, por qu\u00e9 no hab\u00eda prestaciones, por qu\u00e9 est\u00e1 la deuda grande que hay\u2026 la Justicia tendr\u00e1 que decidir, y si son culpables pagar\u00e1n\u201d.<\/p>\n<p>En tanto, tambi\u00e9n dej\u00f3 un p\u00e1rrafo referido a la conducci\u00f3n de la UATRE tras las muertes de \u201cMomo\u201d Venegas y Ram\u00f3n Ayala, al apuntar que la situaci\u00f3n ca\u00f3tica del gremio se dio \u201cpor ambiciones personales de los dirigentes\u2026 dirigentes entre comillas, porque nunca pod\u00e9s poner tu ambici\u00f3n personal por sobre las instituciones\u2026 de los dos lados que se pelearon los dirigentes dejaron mucho que desear porque nunca los escuch\u00e9 que hablaran de los trabajadores, sino de peleas de fulanito y menganito, cosas que se arreglan adentro, como dec\u00eda Momo, y afuera hay que estar unidos para que el trabajador tenga lo que tiene que tener. Lo que hicieron con el gremio fue una verg\u00fcenza, si ellos mismos se apartan un poquito y ven la foto les tiene que dar verg\u00fcenza\u201d.<\/p>\n","protected":false},"excerpt":{"rendered":"<p>Son algunas de las frases que dej\u00f3 Alejandro Segovia en su comunicaci\u00f3n con \u201cVoces de la Ciudad\u201d, durante una nota realizada por el periodista Jorge G\u00f3mez con el citado dirigente que retoma la conducci\u00f3n de dicha obra social de los trabajadores rurales en la Provincia de Buenos Aires. Segovia se hab\u00eda ido en diciembre de [&hellip;]<\/p>\n","protected":false},"author":3,"featured_media":98356,"comment_status":"closed","ping_status":"closed","sticky":false,"template":"","format":"standard","meta":{"footnotes":""},"categories":[3],"tags":[],"class_list":["post-98355","post","type-post","status-publish","format-standard","has-post-thumbnail","category-masnoticias"],"_links":{"self":[{"href":"https:\/\/primicias2262.com\/noticias\/wp-json\/wp\/v2\/posts\/98355","targetHints":{"allow":["GET"]}}],"collection":[{"href":"https:\/\/primicias2262.com\/noticias\/wp-json\/wp\/v2\/posts"}],"about":[{"href":"https:\/\/primicias2262.com\/noticias\/wp-json\/wp\/v2\/types\/post"}],"author":[{"embeddable":true,"href":"https:\/\/primicias2262.com\/noticias\/wp-json\/wp\/v2\/users\/3"}],"replies":[{"embeddable":true,"href":"https:\/\/primicias2262.com\/noticias\/wp-json\/wp\/v2\/comments?post=98355"}],"version-history":[{"count":0,"href":"https:\/\/primicias2262.com\/noticias\/wp-json\/wp\/v2\/posts\/98355\/revisions"}],"wp:attachment":[{"href":"https:\/\/primicias2262.com\/noticias\/wp-json\/wp\/v2\/media?parent=98355"}],"wp:term":[{"taxonomy":"category","embeddable":true,"href":"https:\/\/primicias2262.com\/noticias\/wp-json\/wp\/v2\/categories?post=98355"},{"taxonomy":"post_tag","embeddable":true,"href":"https:\/\/primicias2262.com\/noticias\/wp-json\/wp\/v2\/tags?post=98355"}],"curies":[{"name":"wp","href":"https:\/\/api.w.org\/{rel}","templated":true}]}}