{"id":98359,"date":"2023-03-18T16:49:44","date_gmt":"2023-03-18T19:49:44","guid":{"rendered":"https:\/\/primicias2262.com\/?p=98359"},"modified":"2023-03-18T16:49:44","modified_gmt":"2023-03-18T19:49:44","slug":"rojas-resalto-lo-hecho-en-discapacidad-y-hablo-de-convenios-de-colaboracion-con-instituciones-deportivas","status":"publish","type":"post","link":"https:\/\/primicias2262.com\/noticias\/rojas-resalto-lo-hecho-en-discapacidad-y-hablo-de-convenios-de-colaboracion-con-instituciones-deportivas\/","title":{"rendered":"Rojas resalt\u00f3 lo hecho en Discapacidad y habl\u00f3 de convenios de colaboraci\u00f3n con instituciones deportivas"},"content":{"rendered":"<p><strong>En el marco de una extensa charla en \u201cVoces de la Ciudad\u201d con el periodista Jorge G\u00f3mez, el intendente de Necochea, Arturo Rojas, se refiri\u00f3 con cierto \u00e9nfasis a dos \u00e1reas que congregan a un colectivo amplio del distrito, como son la de Discapacidad y Deportes.<\/strong><\/p>\n<p>En referencia a la primera, el Intendente manifest\u00f3 que \u201cvenimos trabajando para que haya m\u00e1s inclusi\u00f3n, y el trabajo que se ha hecho desde el \u00c1rea de Discapacidad desde el d\u00eda que me toc\u00f3 asumir es muy bueno, porque muchas veces se habla de inclusi\u00f3n desde afuera e incluir no significa hablar con la e y hacer un lenguaje inclusivo hablando de \u201cchiques\u201d por ejemplo\u2026\u201d, para agregar que \u201crespeto al que quiere identificarse y entiende el lenguaje de esa manera, pero yo entiendo la inclusi\u00f3n desde otro lugar\u201d.<\/p>\n<p>En ese sentido, argument\u00f3 que \u201cinclusi\u00f3n por ejemplo es que cuando yo doy un discurso, tenemos a Camila Bianchi (responsable municipal de Discapacidad) haciendo la traducci\u00f3n en lengua de se\u00f1as, que permite a todo un abanico de gente que no escucha tener la posibilidad de saber lo que dice el intendente municipal en cada acto p\u00fablico; y a su vez hemos generado programas y hoy estamos como uno de los municipios de la Provincia con mayor \u00edndice de cumplimiento del porcentaje de discapacidad en el personal municipal\u201d, poniendo como ejemplo el programa de Cuidadores de Playa.<\/p>\n<p>Respecto al segundo \u00edtem que marcaba el Intendente, tiene que ver con convenios en los que se buscar\u00e1 avanzar conjuntamente con instituciones deportivas, acerca de lo que se\u00f1al\u00f3 que \u201cme ha tocado formar parte de la dirigencia de clubes y la participaci\u00f3n en instituciones donde sabemos que la mayor\u00eda de los dirigentes aportan de su bolsillo, horas de trabajo, hacen pe\u00f1as, recaudan, hacen asados y lo que se les ocurra para juntar la plata para mantener las instituciones deportivas que son gran parte de la contenci\u00f3n social en cada uno de los barrios\u201d.<\/p>\n<p>Por ende, \u201csi se cae un club en un barrio es una cat\u00e1strofe, no solo en t\u00e9rminos deportivos, sino en t\u00e9rminos sanitarios y de contenci\u00f3n social, porque las comisiones directivas se encargan de que a los chicos que les faltan los botines consegu\u00edrselos, al que no est\u00e1 alimentado darle de comer y dem\u00e1s, por lo que nosotros hemos venido trabajando en conjunto con las instituciones deportivas, a veces brindando maquinaria y otras gener\u00e1ndole iluminaci\u00f3n para llegar al sector y ahora estamos para dar un paso m\u00e1s\u201d.<\/p>\n<p>Anticip\u00f3 finalmente al respecto que \u201cqueremos generar algunos convenios de colaboraci\u00f3n rec\u00edproca y tambi\u00e9n para ir planteando en el presupuesto municipal un recurso que estamos elaborando en conjunto con los clubes, que vaya destinado a la instituci\u00f3n deportiva y que la instituci\u00f3n deportiva a su vez diga contraproyecto y contra rendici\u00f3n en qu\u00e9 va a volcar esos recursos, me parece que es dar un paso fundamental\u201d.<\/p>\n","protected":false},"excerpt":{"rendered":"<p>En el marco de una extensa charla en \u201cVoces de la Ciudad\u201d con el periodista Jorge G\u00f3mez, el intendente de Necochea, Arturo Rojas, se refiri\u00f3 con cierto \u00e9nfasis a dos \u00e1reas que congregan a un colectivo amplio del distrito, como son la de Discapacidad y Deportes. En referencia a la primera, el Intendente manifest\u00f3 que [&hellip;]<\/p>\n","protected":false},"author":3,"featured_media":87021,"comment_status":"closed","ping_status":"closed","sticky":false,"template":"","format":"standard","meta":{"footnotes":""},"categories":[3],"tags":[],"class_list":["post-98359","post","type-post","status-publish","format-standard","has-post-thumbnail","category-masnoticias"],"_links":{"self":[{"href":"https:\/\/primicias2262.com\/noticias\/wp-json\/wp\/v2\/posts\/98359","targetHints":{"allow":["GET"]}}],"collection":[{"href":"https:\/\/primicias2262.com\/noticias\/wp-json\/wp\/v2\/posts"}],"about":[{"href":"https:\/\/primicias2262.com\/noticias\/wp-json\/wp\/v2\/types\/post"}],"author":[{"embeddable":true,"href":"https:\/\/primicias2262.com\/noticias\/wp-json\/wp\/v2\/users\/3"}],"replies":[{"embeddable":true,"href":"https:\/\/primicias2262.com\/noticias\/wp-json\/wp\/v2\/comments?post=98359"}],"version-history":[{"count":0,"href":"https:\/\/primicias2262.com\/noticias\/wp-json\/wp\/v2\/posts\/98359\/revisions"}],"wp:attachment":[{"href":"https:\/\/primicias2262.com\/noticias\/wp-json\/wp\/v2\/media?parent=98359"}],"wp:term":[{"taxonomy":"category","embeddable":true,"href":"https:\/\/primicias2262.com\/noticias\/wp-json\/wp\/v2\/categories?post=98359"},{"taxonomy":"post_tag","embeddable":true,"href":"https:\/\/primicias2262.com\/noticias\/wp-json\/wp\/v2\/tags?post=98359"}],"curies":[{"name":"wp","href":"https:\/\/api.w.org\/{rel}","templated":true}]}}