{"id":98361,"date":"2023-03-15T08:44:16","date_gmt":"2023-03-15T11:44:16","guid":{"rendered":"https:\/\/primicias2262.com\/?p=98361"},"modified":"2023-03-15T08:44:16","modified_gmt":"2023-03-15T11:44:16","slug":"defiende-la-boleta-unica-tendriamos-que-dejar-de-agarrar-toda-una-lista-completa-y-votar-sin-saber-quien-es-quien","status":"publish","type":"post","link":"https:\/\/primicias2262.com\/noticias\/defiende-la-boleta-unica-tendriamos-que-dejar-de-agarrar-toda-una-lista-completa-y-votar-sin-saber-quien-es-quien\/","title":{"rendered":"Defiende la boleta \u00fanica: \u201cTendr\u00edamos que dejar de agarrar toda una lista completa y votar sin saber qui\u00e9n es qui\u00e9n\u201d"},"content":{"rendered":"<p><strong>As\u00ed lo afirm\u00f3 el concejal de Nueva Necochea, Bartolom\u00e9 Zubillaga, durante una nota realizada en los estudios de \u201cVoces de la Ciudad\u201d por el periodista Jorge G\u00f3mez. \u201cTendr\u00edamos que votar al menos directamente al Intendente\u201d, plante\u00f3.<\/strong><\/p>\n<p>El a\u00f1o electoral empieza a palpitarse lentamente a medida que corren los d\u00edas y se va el primer trimestre, y desde el oficialismo necochense, uno de sus dirigentes de mayor experiencia y con desempe\u00f1o en el Concejo Deliberante, Bartolom\u00e9 Zubillaga, hizo una defensa de la boleta \u00fanica, pero m\u00e1s que nada de tener un conocimiento acabado como de saber a qui\u00e9n se vota.<\/p>\n<p>En ese sentido, argument\u00f3 de la siguiente manera: \u201cVamos a ser claros y sinceros: desde que en 1994 se cambi\u00f3 la Constituci\u00f3n Nacional dejamos de tener colegio electoral\u2026 los delegados se contaban directamente por secciones electorales y dem\u00e1s, no por cantidad de poblaci\u00f3n, entonces ahora tenemos una forma directa de votar y ten\u00e9s distritos como La Matanza que directamente definen la elecci\u00f3n. Nosotros ac\u00e1 ni contamos, entonces como necochenses tenemos que ver qu\u00e9 estamos votando como intendente, m\u00e1s all\u00e1 de lo que votemos a nivel nacional y provincial\u201d.<\/p>\n<p>Complet\u00f3 al respecto que \u201cb\u00e1sicamente porque es el Intendente el que administra la ciudad y el que vive a dos cuadras y le pod\u00e9s ir a tocar el timbre, entonces tendr\u00edamos que dejar de agarrar toda una lista completa y votar sin saber qui\u00e9n es qui\u00e9n\u2026 tendr\u00edamos que votar al menos directamente al intendente, que es aquel que con su administraci\u00f3n va a tratar de solucionar los problemas que tenemos d\u00eda a d\u00eda y al cual tambi\u00e9n podemos ir a quejarnos. A m\u00ed me gustar\u00eda quejarme ante Kicillof, pero para llegar a \u00e9l tengo que tener un contacto por separado o por izquierda\u201d.<\/p>\n<p>A prop\u00f3sito de Kicillof, Zubillaga tambi\u00e9n carg\u00f3 contra el manejo econ\u00f3mico que viene teniendo \u00faltimamente la Provincia que gobierna Axel con el distrito local. \u201cLas personas de Necochea que pertenecen al Frente de Todos tendr\u00edan que asumir primero que somos necochenses, despu\u00e9s que somos bonaerenses y despu\u00e9s argentinos, y por lo tanto el dinero que manda Provincia -cuando lo manda porque muchas veces son promesas que no llegan-, que nos corresponde, ellos tendr\u00edan que ser los primeros en plantear ante sus autoridades la injusticia que se est\u00e1 provocando\u201d.<\/p>\n","protected":false},"excerpt":{"rendered":"<p>As\u00ed lo afirm\u00f3 el concejal de Nueva Necochea, Bartolom\u00e9 Zubillaga, durante una nota realizada en los estudios de \u201cVoces de la Ciudad\u201d por el periodista Jorge G\u00f3mez. \u201cTendr\u00edamos que votar al menos directamente al Intendente\u201d, plante\u00f3. El a\u00f1o electoral empieza a palpitarse lentamente a medida que corren los d\u00edas y se va el primer trimestre, [&hellip;]<\/p>\n","protected":false},"author":3,"featured_media":92316,"comment_status":"closed","ping_status":"closed","sticky":false,"template":"","format":"standard","meta":{"footnotes":""},"categories":[3],"tags":[],"class_list":["post-98361","post","type-post","status-publish","format-standard","has-post-thumbnail","category-masnoticias"],"_links":{"self":[{"href":"https:\/\/primicias2262.com\/noticias\/wp-json\/wp\/v2\/posts\/98361","targetHints":{"allow":["GET"]}}],"collection":[{"href":"https:\/\/primicias2262.com\/noticias\/wp-json\/wp\/v2\/posts"}],"about":[{"href":"https:\/\/primicias2262.com\/noticias\/wp-json\/wp\/v2\/types\/post"}],"author":[{"embeddable":true,"href":"https:\/\/primicias2262.com\/noticias\/wp-json\/wp\/v2\/users\/3"}],"replies":[{"embeddable":true,"href":"https:\/\/primicias2262.com\/noticias\/wp-json\/wp\/v2\/comments?post=98361"}],"version-history":[{"count":0,"href":"https:\/\/primicias2262.com\/noticias\/wp-json\/wp\/v2\/posts\/98361\/revisions"}],"wp:attachment":[{"href":"https:\/\/primicias2262.com\/noticias\/wp-json\/wp\/v2\/media?parent=98361"}],"wp:term":[{"taxonomy":"category","embeddable":true,"href":"https:\/\/primicias2262.com\/noticias\/wp-json\/wp\/v2\/categories?post=98361"},{"taxonomy":"post_tag","embeddable":true,"href":"https:\/\/primicias2262.com\/noticias\/wp-json\/wp\/v2\/tags?post=98361"}],"curies":[{"name":"wp","href":"https:\/\/api.w.org\/{rel}","templated":true}]}}