{"id":98363,"date":"2023-03-14T12:33:11","date_gmt":"2023-03-14T15:33:11","guid":{"rendered":"https:\/\/primicias2262.com\/?p=98363"},"modified":"2023-03-14T12:33:11","modified_gmt":"2023-03-14T15:33:11","slug":"una-muestra-sobre-charly-garcia-se-inaugura-este-viernes-a-las-19-en-el-centro-cultural","status":"publish","type":"post","link":"https:\/\/primicias2262.com\/noticias\/una-muestra-sobre-charly-garcia-se-inaugura-este-viernes-a-las-19-en-el-centro-cultural\/","title":{"rendered":"Una muestra sobre Charly Garc\u00eda se inaugura este viernes a las 19 en el Centro Cultural"},"content":{"rendered":"<p><strong>El Centro Cultural Necochea Biblioteca Popular Andr\u00e9s Ferreyra (CCN\/BPAF) inaugurar\u00e1 este viernes la muestra \u201cMedio siglo en la tapa. Charly Garc\u00eda en la prensa gr\u00e1fica de rock\u201d. Ser\u00e1 a las 19 horas con entrada gratuita, m\u00fasica en vivo y un pocket show de Mar\u00eda Ezquiaga haciendo versiones de Garc\u00eda.<\/strong><\/p>\n<p>Se trata de un repaso por las apariciones m\u00e1s ic\u00f3nicas de Charly Garc\u00eda en las portadas de los medios nacionales de la contracultura. Un novedoso abordaje para dimensionar el efecto de la controversial figura del genio a trav\u00e9s del tiempo, partiendo de los a\u00f1os 70 hasta la actualidad, poniendo as\u00ed en evidencia su sinuosa pero fruct\u00edfera relaci\u00f3n con el periodismo local.<\/p>\n<p>La muestra cuenta con la curadur\u00eda y el montaje de Alfonso \u201cPonchi\u201d Fern\u00e1ndez, investigador y coleccionista bonaerense, que ofrece una suerte de recorrido guiado en la apertura del evento.<\/p>\n<p><a href=\"https:\/\/primicias2262.com\/wp-content\/uploads\/2023\/03\/MUESTRA-CHARLY.jpg\"><img loading=\"lazy\" decoding=\"async\" class=\"aligncenter size-large wp-image-98365\" src=\"https:\/\/primicias2262.com\/wp-content\/uploads\/2023\/03\/MUESTRA-CHARLY-1024x682.jpg\" alt=\"\" width=\"696\" height=\"464\" \/><\/a>La actividad llega a Necochea en el marco de la articulaci\u00f3n del CCN\/BPAF con el Instituto Cultural de la Provincia de Buenos Aires, el programa Buenos Aires Lectora y CONABIP (Comisi\u00f3n Nacional de Bibliotecas Populares), programa a trav\u00e9s del cual lleg\u00f3 el Bibliom\u00f3vil.<\/p>\n<p>En este marco, el Bibliom\u00f3vil tiene previsto viajar este martes hasta la localidad de Claraz, y visitar la extensi\u00f3n bibliotecaria que se encuentra en la delegaci\u00f3n municipal. Llegar\u00e1 al lugar a las 17 horas donde desplegar\u00e1 el \u00abProyecto La Manganeta\u201d, la biblio de libros manga.<\/p>\n<p>El Bibliom\u00f3vil lleva a bordo alrededor de 500 libros para todos los p\u00fablicos y con un segmento especial destinado a las infancias y a las juventudes. Los recorridos surgen de un entramado institucional que se logr\u00f3 a trav\u00e9s de un trabajo en conjunto con nuestra Biblioteca Popular Andr\u00e9s Ferreyra.<\/p>\n<p>Se recuerda que la sede del CCN\/BPAF se encuentra en calle 54 entre 61 y 63, y que las actividades propuestas aqu\u00ed son libres y gratuitas.<\/p>\n","protected":false},"excerpt":{"rendered":"<p>El Centro Cultural Necochea Biblioteca Popular Andr\u00e9s Ferreyra (CCN\/BPAF) inaugurar\u00e1 este viernes la muestra \u201cMedio siglo en la tapa. Charly Garc\u00eda en la prensa gr\u00e1fica de rock\u201d. Ser\u00e1 a las 19 horas con entrada gratuita, m\u00fasica en vivo y un pocket show de Mar\u00eda Ezquiaga haciendo versiones de Garc\u00eda. Se trata de un repaso por [&hellip;]<\/p>\n","protected":false},"author":3,"featured_media":98364,"comment_status":"closed","ping_status":"closed","sticky":false,"template":"","format":"standard","meta":{"footnotes":""},"categories":[3],"tags":[],"class_list":["post-98363","post","type-post","status-publish","format-standard","has-post-thumbnail","category-masnoticias"],"_links":{"self":[{"href":"https:\/\/primicias2262.com\/noticias\/wp-json\/wp\/v2\/posts\/98363","targetHints":{"allow":["GET"]}}],"collection":[{"href":"https:\/\/primicias2262.com\/noticias\/wp-json\/wp\/v2\/posts"}],"about":[{"href":"https:\/\/primicias2262.com\/noticias\/wp-json\/wp\/v2\/types\/post"}],"author":[{"embeddable":true,"href":"https:\/\/primicias2262.com\/noticias\/wp-json\/wp\/v2\/users\/3"}],"replies":[{"embeddable":true,"href":"https:\/\/primicias2262.com\/noticias\/wp-json\/wp\/v2\/comments?post=98363"}],"version-history":[{"count":0,"href":"https:\/\/primicias2262.com\/noticias\/wp-json\/wp\/v2\/posts\/98363\/revisions"}],"wp:attachment":[{"href":"https:\/\/primicias2262.com\/noticias\/wp-json\/wp\/v2\/media?parent=98363"}],"wp:term":[{"taxonomy":"category","embeddable":true,"href":"https:\/\/primicias2262.com\/noticias\/wp-json\/wp\/v2\/categories?post=98363"},{"taxonomy":"post_tag","embeddable":true,"href":"https:\/\/primicias2262.com\/noticias\/wp-json\/wp\/v2\/tags?post=98363"}],"curies":[{"name":"wp","href":"https:\/\/api.w.org\/{rel}","templated":true}]}}