{"id":98378,"date":"2023-03-14T12:02:39","date_gmt":"2023-03-14T15:02:39","guid":{"rendered":"https:\/\/primicias2262.com\/?p=98378"},"modified":"2023-03-14T12:02:39","modified_gmt":"2023-03-14T15:02:39","slug":"tras-ser-internado-por-un-cuadro-de-deshidratacion-el-intendente-de-loberia-fue-dado-de-alta-hoy","status":"publish","type":"post","link":"https:\/\/primicias2262.com\/noticias\/tras-ser-internado-por-un-cuadro-de-deshidratacion-el-intendente-de-loberia-fue-dado-de-alta-hoy\/","title":{"rendered":"Tras ser internado por un cuadro de deshidrataci\u00f3n el Intendente de Lober\u00eda fue dado de alta hoy"},"content":{"rendered":"<p><strong>Tras haber sido internado por un cuadro de deshidrataci\u00f3n, el intendente municipal de Lober\u00eda, Juan Jos\u00e9 Fioramonti, fue dado de alta esta ma\u00f1ana y ya se encuentra en su domicilio.<\/strong><\/p>\n<p>El jefe comunal hab\u00eda sido internado, le colocaron suero y realizaron algunos estudios y controles de rutina, pero hoy ya recibi\u00f3 el alta.<\/p>\n<p>En los pr\u00f3ximos d\u00edas volver\u00e1 a trabajar en su oficina del municipio.<\/p>\n<p><strong>Fuente: Radio Ciudad Lober\u00eda<\/strong><\/p>\n","protected":false},"excerpt":{"rendered":"<p>Tras haber sido internado por un cuadro de deshidrataci\u00f3n, el intendente municipal de Lober\u00eda, Juan Jos\u00e9 Fioramonti, fue dado de alta esta ma\u00f1ana y ya se encuentra en su domicilio. El jefe comunal hab\u00eda sido internado, le colocaron suero y realizaron algunos estudios y controles de rutina, pero hoy ya recibi\u00f3 el alta. En los [&hellip;]<\/p>\n","protected":false},"author":3,"featured_media":98379,"comment_status":"closed","ping_status":"closed","sticky":false,"template":"","format":"standard","meta":{"footnotes":""},"categories":[3],"tags":[],"class_list":["post-98378","post","type-post","status-publish","format-standard","has-post-thumbnail","category-masnoticias"],"_links":{"self":[{"href":"https:\/\/primicias2262.com\/noticias\/wp-json\/wp\/v2\/posts\/98378","targetHints":{"allow":["GET"]}}],"collection":[{"href":"https:\/\/primicias2262.com\/noticias\/wp-json\/wp\/v2\/posts"}],"about":[{"href":"https:\/\/primicias2262.com\/noticias\/wp-json\/wp\/v2\/types\/post"}],"author":[{"embeddable":true,"href":"https:\/\/primicias2262.com\/noticias\/wp-json\/wp\/v2\/users\/3"}],"replies":[{"embeddable":true,"href":"https:\/\/primicias2262.com\/noticias\/wp-json\/wp\/v2\/comments?post=98378"}],"version-history":[{"count":0,"href":"https:\/\/primicias2262.com\/noticias\/wp-json\/wp\/v2\/posts\/98378\/revisions"}],"wp:attachment":[{"href":"https:\/\/primicias2262.com\/noticias\/wp-json\/wp\/v2\/media?parent=98378"}],"wp:term":[{"taxonomy":"category","embeddable":true,"href":"https:\/\/primicias2262.com\/noticias\/wp-json\/wp\/v2\/categories?post=98378"},{"taxonomy":"post_tag","embeddable":true,"href":"https:\/\/primicias2262.com\/noticias\/wp-json\/wp\/v2\/tags?post=98378"}],"curies":[{"name":"wp","href":"https:\/\/api.w.org\/{rel}","templated":true}]}}