{"id":98405,"date":"2023-03-15T12:36:54","date_gmt":"2023-03-15T15:36:54","guid":{"rendered":"https:\/\/primicias2262.com\/?p=98405"},"modified":"2023-03-15T12:36:54","modified_gmt":"2023-03-15T15:36:54","slug":"el-aumento-de-las-naftas-se-percibe-en-los-surtidores-de-axion-desde-las-0-de-este-miercoles","status":"publish","type":"post","link":"https:\/\/primicias2262.com\/noticias\/el-aumento-de-las-naftas-se-percibe-en-los-surtidores-de-axion-desde-las-0-de-este-miercoles\/","title":{"rendered":"El aumento de las naftas se percibe en los surtidores de Axion desde las 0 de este mi\u00e9rcoles"},"content":{"rendered":"<p><strong>En simult\u00e1neo con el aumento del 3,8% que aplic\u00f3 la petrolera Raizen Argentina, licenciataria de la marca Shell. As\u00ed lo confirm\u00f3 el titular del Grupo Axion, Jos\u00e9 Luis Arrate, quien record\u00f3 que este es el \u00faltimo aumento pautado entre el gobierno y las petroleras y quiz\u00e1 en abril \u201clos precios floten en lo que corresponde\u201d.<\/strong><\/p>\n<p>Luego de la consulta telef\u00f3nica realizada por el periodista Jorge G\u00f3mez en \u201cVoces de la Ciudad\u201d, el empresario mencionado confirm\u00f3 que \u201ca partir de las 0 de hoy ya est\u00e1 vigente el aumento y \u00a0pasamos a una nafta Premium a 264 pesos el litro; una s\u00faper a 207,40; la euro diesel Premium a 320,60; y la diesel a 244,60 pesos el litro\u201d.<\/p>\n<p><a href=\"https:\/\/primicias2262.com\/wp-content\/uploads\/2021\/03\/jose-luis-arrate.jpg\"><img loading=\"lazy\" decoding=\"async\" class=\"alignleft size-thumbnail wp-image-74147\" src=\"https:\/\/primicias2262.com\/wp-content\/uploads\/2021\/03\/jose-luis-arrate-150x150.jpg\" alt=\"\" width=\"150\" height=\"150\" \/><\/a>Al instante record\u00f3 que \u201cel gobierno hab\u00eda pautado con las petroleras una serie de aumentos y este era el \u00faltimo mes con un 3,8%, que es lo que se aplic\u00f3 desde hoy, y supuestamente ahora queda liberado\u201d, por lo que \u201ca partir de abril no se sabe qu\u00e9 valor se le va a poner\u201d, acot\u00f3.<\/p>\n<p>En ese sentido, Arrate volvi\u00f3 a ratificar que el precio del combustible est\u00e1 atrasado de la realidad. \u201cPara m\u00ed viene desfasado el aumento de naftas entre un 27 y un 30%, as\u00ed que de no mediar alguna medida pol\u00edtica antes, es posible que se libere a que los precios floten en lo que corresponde\u201d, concluy\u00f3, dando cuenta que luego del 31 de marzo el diesel Premium podr\u00eda superar los 400 pesos y la nafta com\u00fan escalar a unos 340 pesos.<\/p>\n","protected":false},"excerpt":{"rendered":"<p>En simult\u00e1neo con el aumento del 3,8% que aplic\u00f3 la petrolera Raizen Argentina, licenciataria de la marca Shell. As\u00ed lo confirm\u00f3 el titular del Grupo Axion, Jos\u00e9 Luis Arrate, quien record\u00f3 que este es el \u00faltimo aumento pautado entre el gobierno y las petroleras y quiz\u00e1 en abril \u201clos precios floten en lo que corresponde\u201d. [&hellip;]<\/p>\n","protected":false},"author":3,"featured_media":98406,"comment_status":"closed","ping_status":"closed","sticky":false,"template":"","format":"standard","meta":{"footnotes":""},"categories":[3],"tags":[],"class_list":["post-98405","post","type-post","status-publish","format-standard","has-post-thumbnail","category-masnoticias"],"_links":{"self":[{"href":"https:\/\/primicias2262.com\/noticias\/wp-json\/wp\/v2\/posts\/98405","targetHints":{"allow":["GET"]}}],"collection":[{"href":"https:\/\/primicias2262.com\/noticias\/wp-json\/wp\/v2\/posts"}],"about":[{"href":"https:\/\/primicias2262.com\/noticias\/wp-json\/wp\/v2\/types\/post"}],"author":[{"embeddable":true,"href":"https:\/\/primicias2262.com\/noticias\/wp-json\/wp\/v2\/users\/3"}],"replies":[{"embeddable":true,"href":"https:\/\/primicias2262.com\/noticias\/wp-json\/wp\/v2\/comments?post=98405"}],"version-history":[{"count":0,"href":"https:\/\/primicias2262.com\/noticias\/wp-json\/wp\/v2\/posts\/98405\/revisions"}],"wp:attachment":[{"href":"https:\/\/primicias2262.com\/noticias\/wp-json\/wp\/v2\/media?parent=98405"}],"wp:term":[{"taxonomy":"category","embeddable":true,"href":"https:\/\/primicias2262.com\/noticias\/wp-json\/wp\/v2\/categories?post=98405"},{"taxonomy":"post_tag","embeddable":true,"href":"https:\/\/primicias2262.com\/noticias\/wp-json\/wp\/v2\/tags?post=98405"}],"curies":[{"name":"wp","href":"https:\/\/api.w.org\/{rel}","templated":true}]}}