{"id":98408,"date":"2023-03-18T16:16:07","date_gmt":"2023-03-18T19:16:07","guid":{"rendered":"https:\/\/primicias2262.com\/?p=98408"},"modified":"2023-03-18T16:16:07","modified_gmt":"2023-03-18T19:16:07","slug":"valentina-facal-y-su-carrera-en-estados-unidos-estoy-en-un-puente-entre-ser-estudiante-y-ser-profesional","status":"publish","type":"post","link":"https:\/\/primicias2262.com\/noticias\/valentina-facal-y-su-carrera-en-estados-unidos-estoy-en-un-puente-entre-ser-estudiante-y-ser-profesional\/","title":{"rendered":"Valentina Facal y su carrera en Estados Unidos: \u201cEstoy en un puente entre ser estudiante y ser profesional\u201d"},"content":{"rendered":"<p><strong>Valentina Facal es una joven necochense que hace poco tiempo decidi\u00f3 dar un vuelco a su vida y migrar hacia los Estados Unidos para capacitarse en la disciplina art\u00edstica que ama y la completa: el ballet. Con tan solo 18 a\u00f1os dej\u00f3 a su familia y las amistades que la cobijaron desde peque\u00f1a y se instal\u00f3 en Carolina del Norte para aprovechar una beca de formaci\u00f3n que recibi\u00f3 gracias a su talento y esfuerzo.<\/strong><\/p>\n<p>La joven necochense bailarina de ballet migr\u00f3 hace cuatro a\u00f1os a Norteam\u00e9rica y actualmente reside en Boise, Idaho, una ciudad al oeste de Estados Unidos, donde sigue capacit\u00e1ndose en baile y forma parte de una compa\u00f1\u00eda de 21 bailarines con los que realiza diferentes presentaciones.<\/p>\n<p>De visita a su ciudad de origen Valentina pas\u00f3 por los estudios de \u201cVoces de la Ciudad\u201d y durante una nota realizada por el periodista Jorge G\u00f3mez cont\u00f3 que \u201cestoy en un \u201ctraining program\u201d, similar a cuando termin\u00e1s la universidad y hac\u00e9s pasant\u00edas antes de trabajar, en este caso en la danza ten\u00e9s un par de a\u00f1os que hac\u00e9s estos programas, donde bail\u00e1s con compa\u00f1\u00edas y te vas interiorizando un poco m\u00e1s en la vida de las mismas para cuando trabajemos. La compa\u00f1\u00eda tiene 21 bailarines y somos 19 \u201ctrainis\u201d.<\/p>\n<p>La necochense revel\u00f3 que \u201ces complicado llegar a ser parte de una compa\u00f1\u00eda de ballet y m\u00e1s siendo extranjera, de hecho hay compa\u00f1\u00edas que no est\u00e1n registradas para dar visas entonces hay ciertas limitaciones para los extranjeros, pero estamos haciendo todo lo posible, he audicionado en un mont\u00f3n de lugares y tengo que esperar algunas respuestas para ver qu\u00e9 surge\u201d.<\/p>\n<p>Antes de arribar a Boise, Facal estuvo tres a\u00f1os en un conservatorio de Carolina del Norte y defini\u00f3 que actualmente se encuentra \u201cen un puente entre ser estudiante y ser profesional\u201d, a lo que acot\u00f3 que \u201che hablado con todos los maestros que he tenido y directores y me han dicho que es posible y que estoy al nivel y estoy preparada, aunque a veces las oportunidades no dependen de uno, pero nuestra carrera tiene que ver mucho con estar en el lugar indicado, el momento indicado y con la persona indicada\u201d.<\/p>\n<p>Luego, rememor\u00f3 cuando con mucha decisi\u00f3n y amor por lo que hace la llev\u00f3 a viajar por primera vez cuando ten\u00eda 14 a\u00f1os: \u201cMe fui por un mes, y despu\u00e9s a los 15 a\u00f1os a Carolina del Norte por seis meses\u201d, y ya acostumbrada al traj\u00edn diario manifest\u00f3 que \u201cser bailarina es un trabajo de tiempo completo: me levanto a las seis de la ma\u00f1ana, me preparo y me voy a la compa\u00f1\u00eda en bicicleta porque me queda cerca, de 9 a 17 hs. tenemos clases y ensayos, con una hora de descanso para almorzar, y generalmente trabajamos de lunes a viernes pero hay semanas m\u00e1s intensas de lunes a s\u00e1bados y los fines de semana con funciones son intensos porque entramos a las 8 de la ma\u00f1ana y salimos a las 11 de la noche. No es trabajo porque no me pagan, pero estamos con la compa\u00f1\u00eda por si nos necesitan\u201d.<\/p>\n<p>Resalt\u00f3 con mucha emoci\u00f3n que su familia siempre la ha acompa\u00f1ado y apoyado a la distancia \u201cporque saben que es por mi sue\u00f1o\u201d, y fuera de la danza, defini\u00f3 que en Estados Unidos \u201cla vida no es tan distinta a la de ac\u00e1, por ah\u00ed tienen un poco m\u00e1s de organizaci\u00f3n, pero lo que me encanta de Argentina es que no estamos tan pendientes del tiempo y los horarios de organizaci\u00f3n\u2026 all\u00e1 es como todo muy organizado y el que est\u00e1 acostumbrado a vivir relajado en un mont\u00f3n de cuestiones es distinto\u201d.<\/p>\n<p>Adem\u00e1s, asegur\u00f3 que \u201clos argentinos nos manejamos con otra calidez humana y somos m\u00e1s afectuosos, all\u00e1 son m\u00e1s distantes, Argentina tiene mucho para dar\u201d.<\/p>\n","protected":false},"excerpt":{"rendered":"<p>Valentina Facal es una joven necochense que hace poco tiempo decidi\u00f3 dar un vuelco a su vida y migrar hacia los Estados Unidos para capacitarse en la disciplina art\u00edstica que ama y la completa: el ballet. Con tan solo 18 a\u00f1os dej\u00f3 a su familia y las amistades que la cobijaron desde peque\u00f1a y se [&hellip;]<\/p>\n","protected":false},"author":3,"featured_media":98409,"comment_status":"closed","ping_status":"closed","sticky":false,"template":"","format":"standard","meta":{"footnotes":""},"categories":[3],"tags":[],"class_list":["post-98408","post","type-post","status-publish","format-standard","has-post-thumbnail","category-masnoticias"],"_links":{"self":[{"href":"https:\/\/primicias2262.com\/noticias\/wp-json\/wp\/v2\/posts\/98408","targetHints":{"allow":["GET"]}}],"collection":[{"href":"https:\/\/primicias2262.com\/noticias\/wp-json\/wp\/v2\/posts"}],"about":[{"href":"https:\/\/primicias2262.com\/noticias\/wp-json\/wp\/v2\/types\/post"}],"author":[{"embeddable":true,"href":"https:\/\/primicias2262.com\/noticias\/wp-json\/wp\/v2\/users\/3"}],"replies":[{"embeddable":true,"href":"https:\/\/primicias2262.com\/noticias\/wp-json\/wp\/v2\/comments?post=98408"}],"version-history":[{"count":0,"href":"https:\/\/primicias2262.com\/noticias\/wp-json\/wp\/v2\/posts\/98408\/revisions"}],"wp:attachment":[{"href":"https:\/\/primicias2262.com\/noticias\/wp-json\/wp\/v2\/media?parent=98408"}],"wp:term":[{"taxonomy":"category","embeddable":true,"href":"https:\/\/primicias2262.com\/noticias\/wp-json\/wp\/v2\/categories?post=98408"},{"taxonomy":"post_tag","embeddable":true,"href":"https:\/\/primicias2262.com\/noticias\/wp-json\/wp\/v2\/tags?post=98408"}],"curies":[{"name":"wp","href":"https:\/\/api.w.org\/{rel}","templated":true}]}}