{"id":98412,"date":"2023-03-15T14:04:36","date_gmt":"2023-03-15T17:04:36","guid":{"rendered":"https:\/\/primicias2262.com\/?p=98412"},"modified":"2023-03-15T14:04:36","modified_gmt":"2023-03-15T17:04:36","slug":"se-firmo-un-acuerdo-que-permite-reparar-un-largo-reclamo-de-las-docentes-de-jardines-municipales","status":"publish","type":"post","link":"https:\/\/primicias2262.com\/noticias\/se-firmo-un-acuerdo-que-permite-reparar-un-largo-reclamo-de-las-docentes-de-jardines-municipales\/","title":{"rendered":"Se firm\u00f3 un acuerdo que permite reparar un largo reclamo de las docentes de jardines municipales"},"content":{"rendered":"<p><strong>En el d\u00eda de la fecha se firm\u00f3 un acuerdo entre el Ejecutivo y el Sindicato Municipal que viene a reparar un largo reclamo de unas 90 docentes de jardines municipales, que ver\u00e1n equiparados sus montos a los docentes de la Provincia en los \u00edtems \u201cMaterial Did\u00e1ctico y\/o Conectividad\u201d e \u201cIncentivo Docente\u201d. \u201cCon esto, las docentes llegan a lograr por lo que lucharon durante mucho tiempo\u201d, resaltaron desde el gremio STM.<\/strong><\/p>\n<p>Este mi\u00e9rcoles el Departamento Ejecutivo, a trav\u00e9s de la decisi\u00f3n pol\u00edtica tomada por el intendente Arturo Rojas en reconocimiento a un largo reclamo de las docentes municipales, concret\u00f3 una respuesta favorable al mismo gracias a la firma de un acta acuerdo que les permitir\u00e1 equiparar sus salarios a los de los docentes de la Provincia de Buenos Aires, a partir de empezar a percibir los \u00edtems de \u201cMaterial Did\u00e1ctico y\/o Conectividad\u201d e \u201cIncentivo Docente\u201d.<\/p>\n<p>La r\u00fabrica en el despacho del 1\u00ba Piso de la comuna se realiz\u00f3 entre el Ejecutivo -donde los secretarios de Gobierno, Jorge Mart\u00ednez; y de Desarrollo Humano, Sandra Antenucci, acompa\u00f1aron al intendente Rojas-, y la c\u00fapula del Sindicato de Trabajadores Municipales que actu\u00f3 como intermediario en el reclamo junto al personal docente de los jardines, estando representado el gremio en este caso por sus secretarios General y Adjunto, Alberto Gim\u00e9nez y Gast\u00f3n D\u00edaz, respectivamente.<\/p>\n<p><a href=\"https:\/\/primicias2262.com\/wp-content\/uploads\/2023\/03\/15-03-FOTO-firma-acuerdo-Rojas-gremio-docentes.jpeg\"><img loading=\"lazy\" decoding=\"async\" class=\"aligncenter size-full wp-image-98413\" src=\"https:\/\/primicias2262.com\/wp-content\/uploads\/2023\/03\/15-03-FOTO-firma-acuerdo-Rojas-gremio-docentes.jpeg\" alt=\"\" width=\"1600\" height=\"1066\" \/><\/a>Luego de la firma del acta acuerdo, fue el primero de ellos el que resalt\u00f3 que \u201cdesde el a\u00f1o pasado hay un plan de lucha m\u00e1s intenso de las trabajadoras docentes junto con nuestro gremio y hay que reconocer que hubo una voluntad pol\u00edtica de parte del Intendente de llegar a este arreglo por el que salen muy beneficiadas las trabajadoras de los jardines municipales\u201d.<\/p>\n<p>Adem\u00e1s, coincidi\u00f3 con D\u00edaz en que si hay algo de excelencia que tiene la Municipalidad son los servicios de los jardines maternales y de infantes, \u201cy con esto las docentes llegan a lograr por lo que lucharon durante mucho tiempo, con la alegr\u00eda de percibir una parte ya este mes, y en 60 d\u00edas estar\u00e1n al d\u00eda junto a las trabajadoras de la Provincia, por lo que fue una lucha larga y muy positiva\u201d.<\/p>\n<p>Para pasar en limpio lo \u00faltimo que expres\u00f3 Gim\u00e9nez, vale contextualizar que seg\u00fan el expediente administrativo N\u00ba 3871\/16 los dos \u00edtems provinciales (Incentivo Docente y Material Did\u00e1ctico y\/o Conectividad) no forman parte del salario municipal por cuanto se abonan con fondos recaudados por la Naci\u00f3n y otorgados a la Provincia sin participaci\u00f3n al Municipio. Por lo tanto, hasta la actualidad el personal docente que se desempe\u00f1a en los jardines Barquito de Papel, Acuario, Pichi Huinca, Evita y Lassalle \u2013unas 90 docentes- cobra solamente un \u00edtem denominado \u201cMaterial Did\u00e1ctico\u201d, originado en lo estipulado por el decreto N\u00ba 2685\/2016.<\/p>\n<p>Pero ahora, en atenci\u00f3n al requerimiento de las docentes, es exclusivamente voluntad del Departamento Ejecutivo desde la gesti\u00f3n actual del intendente Arturo Rojas, equiparar el monto percibido actualmente en car\u00e1cter de \u201cMaterial Did\u00e1ctico\u201d al monto percibido en Provincia por el \u00edtem \u201cMaterial Did\u00e1ctico y\/o Conectividad\u201d. Es decir, incrementar desde los haberes de este mes de marzo el monto actual de 1210 pesos a 4750 pesos, que se actualizar\u00e1 adem\u00e1s de conformidad con las paritarias de los docentes provinciales en una clara ampliaci\u00f3n y extensi\u00f3n del derecho otorgado por el Decreto de referencia.<\/p>\n<p><a href=\"https:\/\/primicias2262.com\/wp-content\/uploads\/2023\/02\/FOTO-Jardin-Acuario2.jpeg\"><img loading=\"lazy\" decoding=\"async\" class=\"aligncenter size-full wp-image-97804\" src=\"https:\/\/primicias2262.com\/wp-content\/uploads\/2023\/02\/FOTO-Jardin-Acuario2.jpeg\" alt=\"\" width=\"1600\" height=\"1066\" \/><\/a><\/p>\n<p>Asimismo, en referencia al \u00edtem \u201cIncentivo Docente\u201d, conociendo la diferencia salarial subsistente con los docentes de Provincia, la comuna continuar\u00e1 con gestiones ante Naci\u00f3n para recibir el porcentaje correspondiente de FONID (Fondo Nacional de Incentivo Docente), ya sea de forma directa o por medio de la subvenci\u00f3n de los jardines municipales, lo que habilitar\u00eda al municipio afrontar el pago de ambos rubros provinciales mencionados.<\/p>\n<p>No obstante, es v\u00e1lido aclarar que, en caso de no lograr la comuna dicha recepci\u00f3n de fondos, en el plazo de dos meses a partir del presente acuerdo en el d\u00eda de la fecha y del Decreto de otorgamiento, el monto pertinente al \u00edtem \u201cIncentivo Docente\u201d (algo m\u00e1s de 7 mil pesos) ser\u00e1 afrontado con recursos municipales con la identificaci\u00f3n de un \u00edtem distinto a definir y tambi\u00e9n se actualizar\u00e1 de conformidad con las paritarias de los docentes de la Provincia, todo lo cual deber\u00e1 ser ratificado por la decisi\u00f3n del Honorable Concejo Deliberante, hasta tanto se reciban los fondos provinciales.<\/p>\n<p>Por su parte, Gast\u00f3n D\u00edaz manifest\u00f3 que \u201clos b\u00e1sicos las docentes los cobran igual que los de Provincia, como as\u00ed los aumentos que perciben van sujetos a los acuerdos salariales de Provincia, pero dentro de ese marco estaban estos dos \u00edtems de lo que las docentes municipales no cobraban nada. Desde el a\u00f1o pasado se hizo un reclamo m\u00e1s intenso y hoy despu\u00e9s de varias reuniones con ellas y asambleas con el Ejecutivo hemos logrado este acuerdo para beneficiar a alrededor de 90 docentes entre todos los jardines. Es un gran logro y estamos muy satisfechos como instituci\u00f3n, ha sido un reconocimiento muy especial a un servicio muy bueno\u201d.<\/p>\n","protected":false},"excerpt":{"rendered":"<p>En el d\u00eda de la fecha se firm\u00f3 un acuerdo entre el Ejecutivo y el Sindicato Municipal que viene a reparar un largo reclamo de unas 90 docentes de jardines municipales, que ver\u00e1n equiparados sus montos a los docentes de la Provincia en los \u00edtems \u201cMaterial Did\u00e1ctico y\/o Conectividad\u201d e \u201cIncentivo Docente\u201d. \u201cCon esto, las [&hellip;]<\/p>\n","protected":false},"author":3,"featured_media":98414,"comment_status":"closed","ping_status":"closed","sticky":false,"template":"","format":"standard","meta":{"footnotes":""},"categories":[3],"tags":[],"class_list":["post-98412","post","type-post","status-publish","format-standard","has-post-thumbnail","category-masnoticias"],"_links":{"self":[{"href":"https:\/\/primicias2262.com\/noticias\/wp-json\/wp\/v2\/posts\/98412","targetHints":{"allow":["GET"]}}],"collection":[{"href":"https:\/\/primicias2262.com\/noticias\/wp-json\/wp\/v2\/posts"}],"about":[{"href":"https:\/\/primicias2262.com\/noticias\/wp-json\/wp\/v2\/types\/post"}],"author":[{"embeddable":true,"href":"https:\/\/primicias2262.com\/noticias\/wp-json\/wp\/v2\/users\/3"}],"replies":[{"embeddable":true,"href":"https:\/\/primicias2262.com\/noticias\/wp-json\/wp\/v2\/comments?post=98412"}],"version-history":[{"count":0,"href":"https:\/\/primicias2262.com\/noticias\/wp-json\/wp\/v2\/posts\/98412\/revisions"}],"wp:attachment":[{"href":"https:\/\/primicias2262.com\/noticias\/wp-json\/wp\/v2\/media?parent=98412"}],"wp:term":[{"taxonomy":"category","embeddable":true,"href":"https:\/\/primicias2262.com\/noticias\/wp-json\/wp\/v2\/categories?post=98412"},{"taxonomy":"post_tag","embeddable":true,"href":"https:\/\/primicias2262.com\/noticias\/wp-json\/wp\/v2\/tags?post=98412"}],"curies":[{"name":"wp","href":"https:\/\/api.w.org\/{rel}","templated":true}]}}