{"id":98421,"date":"2023-03-16T09:20:40","date_gmt":"2023-03-16T12:20:40","guid":{"rendered":"https:\/\/primicias2262.com\/?p=98421"},"modified":"2023-03-16T09:20:40","modified_gmt":"2023-03-16T12:20:40","slug":"el-inta-comenzo-la-entrega-de-semillas-de-la-campana-otono-invierno-2023","status":"publish","type":"post","link":"https:\/\/primicias2262.com\/noticias\/el-inta-comenzo-la-entrega-de-semillas-de-la-campana-otono-invierno-2023\/","title":{"rendered":"El INTA comenz\u00f3 la entrega de semillas de la campa\u00f1a oto\u00f1o-invierno 2023"},"content":{"rendered":"<p><strong>La distribuci\u00f3n se hace de manera totalmente gratuita y descentralizada de la sede del INTA en diferentes CAPS barriales y unidades sanitarias del distrito. Juan Erreguerena, del INTA local, pas\u00f3 por los estudios de \u201cVoces de la Ciudad\u201d y en di\u00e1logo con el periodista Jorge G\u00f3mez habl\u00f3 sobre la campa\u00f1a actual.<\/strong><\/p>\n<p>\u201cDesde el a\u00f1o 1993 a la fecha tenemos el programa de Pro Huerta a cargo, que es un convenio con el Ministerio de Desarrollo Social, dentro del cual se trabaja la seguridad y soberan\u00eda alimentaria, y uno de los componentes es el de huertas a trav\u00e9s del cual se reparten semillas de forma gratuita a las personas que quieran hacer su quinta en el patio\u201d, explic\u00f3 primeramente.<\/p>\n<p>Acto seguido subray\u00f3 que \u201cmucha gente hace huerta y ya empez\u00f3 la campa\u00f1a oto\u00f1o-invierno\u201d, y all\u00ed fue cuando record\u00f3 que \u201cantes lo hac\u00edamos en el INTA y ahora descentralizamos y estamos entregando en todos los centros de salud. Hemos logrado que la gente tenga las semillas a metros de su casa y evitamos que se formen filas en la sede del INTA\u201d, en Jesuita Cardiel N\u00ba 2332.<\/p>\n<p><a href=\"https:\/\/primicias2262.com\/wp-content\/uploads\/2023\/03\/INTA-Necochea.jpg\"><img loading=\"lazy\" decoding=\"async\" class=\"aligncenter size-full wp-image-98424\" src=\"https:\/\/primicias2262.com\/wp-content\/uploads\/2023\/03\/INTA-Necochea.jpg\" alt=\"\" width=\"960\" height=\"724\" \/><\/a>En la campa\u00f1a oto\u00f1o-invierno hay alrededor de 16 especies de semillas y predomina la verdura de hoja: acelga, achicoria, arvejas, habas, flor, lechuga, cebolla, espinaca, perejil, puerro, rabanito, remolacha, repollo y zanahoria. A ello, Erreguerena acot\u00f3 que \u201cla distribuci\u00f3n es gratuita y tenemos tipos distintos de kit: Urbano para personas con tama\u00f1o intermedio de huerta; y Urbanito para hacer en macetas y sirve para personas que viven en departamento\u201d.<\/p>\n<p>De manera descentralizada, la campa\u00f1a se lleva a cabo en Barrio Norte, Barrio Sur, Barrio Puerto, CAPS Fucile actual 79 y 8; en 2 y 87 en Turismo, CAPS Flores, CAPS San Mart\u00edn, CAPS Sudoeste en 58 y 81, CIC de Barrio Norte y CdeR del Ministerio de Desarrollo Social de Naci\u00f3n en 57 y 52.<\/p>\n\n","protected":false},"excerpt":{"rendered":"<p>La distribuci\u00f3n se hace de manera totalmente gratuita y descentralizada de la sede del INTA en diferentes CAPS barriales y unidades sanitarias del distrito. Juan Erreguerena, del INTA local, pas\u00f3 por los estudios de \u201cVoces de la Ciudad\u201d y en di\u00e1logo con el periodista Jorge G\u00f3mez habl\u00f3 sobre la campa\u00f1a actual. \u201cDesde el a\u00f1o 1993 [&hellip;]<\/p>\n","protected":false},"author":3,"featured_media":98425,"comment_status":"closed","ping_status":"closed","sticky":false,"template":"","format":"standard","meta":{"footnotes":""},"categories":[3],"tags":[],"class_list":["post-98421","post","type-post","status-publish","format-standard","has-post-thumbnail","category-masnoticias"],"_links":{"self":[{"href":"https:\/\/primicias2262.com\/noticias\/wp-json\/wp\/v2\/posts\/98421","targetHints":{"allow":["GET"]}}],"collection":[{"href":"https:\/\/primicias2262.com\/noticias\/wp-json\/wp\/v2\/posts"}],"about":[{"href":"https:\/\/primicias2262.com\/noticias\/wp-json\/wp\/v2\/types\/post"}],"author":[{"embeddable":true,"href":"https:\/\/primicias2262.com\/noticias\/wp-json\/wp\/v2\/users\/3"}],"replies":[{"embeddable":true,"href":"https:\/\/primicias2262.com\/noticias\/wp-json\/wp\/v2\/comments?post=98421"}],"version-history":[{"count":0,"href":"https:\/\/primicias2262.com\/noticias\/wp-json\/wp\/v2\/posts\/98421\/revisions"}],"wp:attachment":[{"href":"https:\/\/primicias2262.com\/noticias\/wp-json\/wp\/v2\/media?parent=98421"}],"wp:term":[{"taxonomy":"category","embeddable":true,"href":"https:\/\/primicias2262.com\/noticias\/wp-json\/wp\/v2\/categories?post=98421"},{"taxonomy":"post_tag","embeddable":true,"href":"https:\/\/primicias2262.com\/noticias\/wp-json\/wp\/v2\/tags?post=98421"}],"curies":[{"name":"wp","href":"https:\/\/api.w.org\/{rel}","templated":true}]}}