{"id":98448,"date":"2023-03-16T10:07:24","date_gmt":"2023-03-16T13:07:24","guid":{"rendered":"https:\/\/primicias2262.com\/?p=98448"},"modified":"2023-03-16T10:07:24","modified_gmt":"2023-03-16T13:07:24","slug":"la-escuela-cruz-de-futbol-tendra-desde-este-viernes-su-lugar-en-el-museo-historico","status":"publish","type":"post","link":"https:\/\/primicias2262.com\/noticias\/la-escuela-cruz-de-futbol-tendra-desde-este-viernes-su-lugar-en-el-museo-historico\/","title":{"rendered":"La Escuela Cruz de f\u00fatbol tendr\u00e1 desde este viernes su lugar en el Museo Hist\u00f3rico"},"content":{"rendered":"<p><strong>Este viernes a partir de las 13, el Museo Hist\u00f3rico Regional ser\u00e1 el lugar indicado para inaugurar la muestra de la Escuela de F\u00fatbol Infantil \u201cNito\u201d Cruz\u201d<\/strong>, en homenaje a quien en vida fuera Ra\u00fal Antonio Cruz, exfutbolista y formador de varias generaciones de jugadores y deportistas necochenses que brillaron a nivel local, nacional e internacional.<\/p>\n<p>Su hija, Silvia, destac\u00f3 el hecho de que finalmente se le pudo dar patrimonio gubernamental a la reconocida Escuela Cruz de F\u00fatbol, y despu\u00e9s de tanta lucha poder ingresarlo al Museo Hist\u00f3rico Regional del Parque, en 10 y 93, adonde esperan a toda la comunidad para el pr\u00f3ximo viernes. Varios de los alumnos de \u201cNito\u201d estar\u00e1n presentes en el homenaje.<\/p>\n<p>\u201cMucha gente se form\u00f3 y sali\u00f3 de la Escuela Cruz y ahora el museo de \u201cNito\u201d queda en manos de la ciudad y ser\u00e1 patrimonio de Necochea\u201d, anunciaron con emoci\u00f3n desde el c\u00edrculo familiar de don Ra\u00fal Antonio, quien en 1960 fundara la primera escuela de f\u00fatbol de toda Latinoam\u00e9rica.<\/p>\n<p>La idea de la muestra surgi\u00f3 desde el momento mismo de su donaci\u00f3n\u00a0 al Museo Hist\u00f3rico Regional en 2021 por parte de <u>Silvia Lippi<\/u> y que en su momento no pudo realizarse debido a la pandemia. Es as\u00ed que, este a\u00f1o 2023 y despu\u00e9s de haber obtenido el t\u00edtulo mundial de f\u00fatbol, resulta significativo exponer en el MHR y en el marco de las nuevas propuestas curatoriales del \u00c1rea de Museo de la Municipalidad de Necochea, <u>esta extraordinaria colecci\u00f3n<\/u> que hoy forma parte del acervo patrimonial de nuestra comunidad.<\/p>\n<p><a href=\"https:\/\/primicias2262.com\/wp-content\/uploads\/2023\/03\/Raul-A.-Cruz-1921-2007-scaled.jpg\"><img loading=\"lazy\" decoding=\"async\" class=\"alignleft size-medium wp-image-98443\" src=\"https:\/\/primicias2262.com\/wp-content\/uploads\/2023\/03\/Raul-A.-Cruz-1921-2007-300x212.jpg\" alt=\"\" width=\"300\" height=\"212\" \/><\/a>A partir de dicha colecci\u00f3n , el equipo de trabajo del \u00c1rea de Museos de la Municipalidad de Necochea, propone una Muestra Temporal cuyos ejes tem\u00e1ticos giran en torno a: pensar el f\u00fatbol ligado a lo cotidiano, su rol social, su injerencia en una comunidad, la profesionalizaci\u00f3n y su impacto a escala nacional e internacional; se trata de una exposici\u00f3n del f\u00fatbol local anclada en la materialidad coleccionada a partir de la inauguraci\u00f3n de la Escuela de F\u00fatbol Infantil fundada por el Sr. Ra\u00fal \u201cNito\u201d Cruz (1921-2007) y finalmente, la muestra se ancla en fotos, camisetas, banderines, medallas, trofeos, documentos fotogr\u00e1ficos y varios objetos m\u00e1s que forman parte de la colecci\u00f3n y que atestiguan memorias y recuerdos que son parte de la historia-patrimonio reciente de nuestra ciudad.<\/p>\n","protected":false},"excerpt":{"rendered":"<p>Este viernes a partir de las 13, el Museo Hist\u00f3rico Regional ser\u00e1 el lugar indicado para inaugurar la muestra de la Escuela de F\u00fatbol Infantil \u201cNito\u201d Cruz\u201d, en homenaje a quien en vida fuera Ra\u00fal Antonio Cruz, exfutbolista y formador de varias generaciones de jugadores y deportistas necochenses que brillaron a nivel local, nacional e [&hellip;]<\/p>\n","protected":false},"author":3,"featured_media":98442,"comment_status":"closed","ping_status":"closed","sticky":false,"template":"","format":"standard","meta":{"footnotes":""},"categories":[3],"tags":[],"class_list":["post-98448","post","type-post","status-publish","format-standard","has-post-thumbnail","category-masnoticias"],"_links":{"self":[{"href":"https:\/\/primicias2262.com\/noticias\/wp-json\/wp\/v2\/posts\/98448","targetHints":{"allow":["GET"]}}],"collection":[{"href":"https:\/\/primicias2262.com\/noticias\/wp-json\/wp\/v2\/posts"}],"about":[{"href":"https:\/\/primicias2262.com\/noticias\/wp-json\/wp\/v2\/types\/post"}],"author":[{"embeddable":true,"href":"https:\/\/primicias2262.com\/noticias\/wp-json\/wp\/v2\/users\/3"}],"replies":[{"embeddable":true,"href":"https:\/\/primicias2262.com\/noticias\/wp-json\/wp\/v2\/comments?post=98448"}],"version-history":[{"count":0,"href":"https:\/\/primicias2262.com\/noticias\/wp-json\/wp\/v2\/posts\/98448\/revisions"}],"wp:attachment":[{"href":"https:\/\/primicias2262.com\/noticias\/wp-json\/wp\/v2\/media?parent=98448"}],"wp:term":[{"taxonomy":"category","embeddable":true,"href":"https:\/\/primicias2262.com\/noticias\/wp-json\/wp\/v2\/categories?post=98448"},{"taxonomy":"post_tag","embeddable":true,"href":"https:\/\/primicias2262.com\/noticias\/wp-json\/wp\/v2\/tags?post=98448"}],"curies":[{"name":"wp","href":"https:\/\/api.w.org\/{rel}","templated":true}]}}