{"id":98459,"date":"2023-03-18T16:01:07","date_gmt":"2023-03-18T19:01:07","guid":{"rendered":"https:\/\/primicias2262.com\/?p=98459"},"modified":"2023-03-18T16:01:07","modified_gmt":"2023-03-18T19:01:07","slug":"la-musica-compuesta-por-el-necochense-mandy-munoz-se-expande-por-latinoamerica","status":"publish","type":"post","link":"https:\/\/primicias2262.com\/noticias\/la-musica-compuesta-por-el-necochense-mandy-munoz-se-expande-por-latinoamerica\/","title":{"rendered":"La m\u00fasica compuesta por el necochense \u201cMandy\u201d Mu\u00f1oz se expande por Latinoam\u00e9rica"},"content":{"rendered":"<p><strong>El artista local, Armando Mu\u00f1oz, m\u00e1s conocido como \u201cMandy\u201d, visit\u00f3 los estudios de \u201cVoces de la Ciudad\u201d y cont\u00f3 su experiencia con una productora de La Rioja que lo contact\u00f3 para difundir su material que \u00e9l mismo ha producido en su canal de YouTube para llevarlo a diferentes pa\u00edses de Latinoam\u00e9rica.<\/strong><\/p>\n<p>Ante la consulta del periodista Jorge G\u00f3mez, \u201cMandy\u201d recapitul\u00f3 que \u201cdesde hace un a\u00f1o y medio esta empresa productora que se ha fijado en mi m\u00fasica, es de La Rioja y llega a su conocimiento a trav\u00e9s de mi canal de YouTube Mandy Mu\u00f1oz, donde pongo mi propia m\u00fasica, la que yo compongo y he compuesto por a\u00f1os. Eso ha llamado la atenci\u00f3n de esta productora que se ofreci\u00f3 a difundirlo, empezamos una relaci\u00f3n y la productora se encarg\u00f3 de hacer llegar toda mi m\u00fasica en toda Latinoam\u00e9rica y Estados Unidos habla hispana\u201d.<\/p>\n<p>De hecho, hay tres canciones que est\u00e1n sonando mucho de manera internacional en pa\u00edses como Colombia, Chile y Venezuela: \u201cSon tres temas que he grabado recientemente que son \u201cEsta vez\u201d, \u201cSabes madre\u201d y \u201cTiempo de dar, tiempo de amar\u201d, el cual fue grabado recientemente en Necochea con todos m\u00fasicos necochenses y la direcci\u00f3n de Roberto Cantir\u00e1n. La idea de este video era difundir el lugar de d\u00f3nde soy\u201d, describi\u00f3 \u201cMandy\u201d, aun sorprendido por el alcance de su arte. \u201cMe sorprende la difusi\u00f3n de esto a escala grande, es un sue\u00f1o que tengo de adolescente y de pronto se dio\u201d, reconoci\u00f3.<\/p>\n<p>Asimismo, destac\u00f3 con alegr\u00eda que \u201ca su vez, \u201cEsta vez\u201d y \u201cTiempo de dar, tiempo de amar\u201d, est\u00e1n postulados a los Premios Gardel. \u201cToda la vida estuve ligado a la m\u00fasica, pero m\u00e1s que cantar me gusta componer, desde \u201cTenor 4\u201d y antes a\u00fan, le he dado mucho lugar a componer y tambi\u00e9n haciendo m\u00fasica para entretener\u201d, concluy\u00f3.<\/p>\n<p><iframe loading=\"lazy\" title=\"ESTA VEZ - Mandy Mu\u00f1oz - VIDEO OFICIAL\" width=\"696\" height=\"392\" src=\"https:\/\/www.youtube.com\/embed\/ET67-R-lmyQ?feature=oembed\" frameborder=\"0\" allow=\"accelerometer; autoplay; clipboard-write; encrypted-media; gyroscope; picture-in-picture; web-share\" allowfullscreen><\/iframe><\/p>\n","protected":false},"excerpt":{"rendered":"<p>El artista local, Armando Mu\u00f1oz, m\u00e1s conocido como \u201cMandy\u201d, visit\u00f3 los estudios de \u201cVoces de la Ciudad\u201d y cont\u00f3 su experiencia con una productora de La Rioja que lo contact\u00f3 para difundir su material que \u00e9l mismo ha producido en su canal de YouTube para llevarlo a diferentes pa\u00edses de Latinoam\u00e9rica. Ante la consulta del [&hellip;]<\/p>\n","protected":false},"author":3,"featured_media":98467,"comment_status":"closed","ping_status":"closed","sticky":false,"template":"","format":"standard","meta":{"footnotes":""},"categories":[3],"tags":[],"class_list":["post-98459","post","type-post","status-publish","format-standard","has-post-thumbnail","category-masnoticias"],"_links":{"self":[{"href":"https:\/\/primicias2262.com\/noticias\/wp-json\/wp\/v2\/posts\/98459","targetHints":{"allow":["GET"]}}],"collection":[{"href":"https:\/\/primicias2262.com\/noticias\/wp-json\/wp\/v2\/posts"}],"about":[{"href":"https:\/\/primicias2262.com\/noticias\/wp-json\/wp\/v2\/types\/post"}],"author":[{"embeddable":true,"href":"https:\/\/primicias2262.com\/noticias\/wp-json\/wp\/v2\/users\/3"}],"replies":[{"embeddable":true,"href":"https:\/\/primicias2262.com\/noticias\/wp-json\/wp\/v2\/comments?post=98459"}],"version-history":[{"count":0,"href":"https:\/\/primicias2262.com\/noticias\/wp-json\/wp\/v2\/posts\/98459\/revisions"}],"wp:attachment":[{"href":"https:\/\/primicias2262.com\/noticias\/wp-json\/wp\/v2\/media?parent=98459"}],"wp:term":[{"taxonomy":"category","embeddable":true,"href":"https:\/\/primicias2262.com\/noticias\/wp-json\/wp\/v2\/categories?post=98459"},{"taxonomy":"post_tag","embeddable":true,"href":"https:\/\/primicias2262.com\/noticias\/wp-json\/wp\/v2\/tags?post=98459"}],"curies":[{"name":"wp","href":"https:\/\/api.w.org\/{rel}","templated":true}]}}