{"id":98460,"date":"2023-03-17T09:23:47","date_gmt":"2023-03-17T12:23:47","guid":{"rendered":"https:\/\/primicias2262.com\/?p=98460"},"modified":"2023-03-17T09:23:47","modified_gmt":"2023-03-17T12:23:47","slug":"este-sabado-inicia-la-actividad-scout-en-el-distrito-y-esta-vigente-el-periodo-de-inscripcion","status":"publish","type":"post","link":"https:\/\/primicias2262.com\/noticias\/este-sabado-inicia-la-actividad-scout-en-el-distrito-y-esta-vigente-el-periodo-de-inscripcion\/","title":{"rendered":"Este s\u00e1bado inicia la actividad scout en el distrito y est\u00e1 vigente el periodo de inscripci\u00f3n"},"content":{"rendered":"<p><strong>Sandra La Battaglia, directora del Distrito Scout Necochea, pas\u00f3 por los estudios de \u201cVoces de la Ciudad\u201d y en di\u00e1logo con el periodista Jorge G\u00f3mez precis\u00f3 los horarios y detalles de cada grupo de la ciudad y la zona.<\/strong><\/p>\n<p>Bajo la consigna de \u201cten\u00e9s m\u00e1s de 7 a\u00f1os, \u00bfquer\u00e9s ser scout?, La Battaglia inform\u00f3 que \u201ca partir de este s\u00e1bado algunos grupos scouts comienzan sus actividades, mientras que otros hacen la inscripci\u00f3n y comienzan el s\u00e1bado 25\u201d.<\/p>\n<p>Por ejemplo, el grupo Santa Mar\u00eda del Carmen en 63 entre 58 y 50 comienza este s\u00e1bado 18, de 15 a 17.30. \u201cHay que ir a la sede, ellos abren inscripci\u00f3n para todas las edades, de 7 a\u00f1os hasta edad ilimitada\u201d, apunt\u00f3 al respecto.<\/p>\n<p>En tanto, el grupo de Santa Teresita, en 79 y 92 Barrio Tiro Federal, abre inscripci\u00f3n tambi\u00e9n para todas las edades: de 14.30 a 17 estar\u00e1n inscribiendo este s\u00e1bado o si no comunicarse al 2262-508600. Este grupo arranca actividades el s\u00e1bado 25\u201d, lo mismo que el grupo Inca en Parroquia Lordes, en 6 entre 83 y 85 (2262-616319), adonde se podr\u00e1 ir este s\u00e1bado a inscribirse de 14 a 17, para iniciar actividades el 25.<\/p>\n<p>En cuanto al grupo San Cayetano, que funciona en la hom\u00f3nima localidad, en el Prado Espa\u00f1ol de Avenidas San Mart\u00edn y Eva Per\u00f3n, La Battaglia especific\u00f3 que inician este s\u00e1bado de 15 a 18 y el contacto para consultas es 2262-664804.<\/p>\n<p>Como si todo esto fuera poco, la directora Scout anticip\u00f3 que en abril se abrir\u00eda un grupo en la Universidad de Quequ\u00e9n: \u201cEstamos terminando el convenio, el grupo se va a llamar C\u00f3ndor de Los Andes, est\u00e1n muy contentos ellos en UNICEN y nosotros tambi\u00e9n\u201d, asegur\u00f3.<\/p>\n<p>Finalmente, La Battaglia manifest\u00f3 que \u201cel a\u00f1o pasado cumplimos 40 a\u00f1os y siempre decimos que nuestra tarea es un estilo de vida, es lo mismo que la educaci\u00f3n docente, pero de manera no formal\u2026 nuestra tarea es educar en valores y seguirlos fomentando\u201d.<\/p>\n","protected":false},"excerpt":{"rendered":"<p>Sandra La Battaglia, directora del Distrito Scout Necochea, pas\u00f3 por los estudios de \u201cVoces de la Ciudad\u201d y en di\u00e1logo con el periodista Jorge G\u00f3mez precis\u00f3 los horarios y detalles de cada grupo de la ciudad y la zona. Bajo la consigna de \u201cten\u00e9s m\u00e1s de 7 a\u00f1os, \u00bfquer\u00e9s ser scout?, La Battaglia inform\u00f3 que [&hellip;]<\/p>\n","protected":false},"author":3,"featured_media":97267,"comment_status":"closed","ping_status":"closed","sticky":false,"template":"","format":"standard","meta":{"footnotes":""},"categories":[3],"tags":[],"class_list":["post-98460","post","type-post","status-publish","format-standard","has-post-thumbnail","category-masnoticias"],"_links":{"self":[{"href":"https:\/\/primicias2262.com\/noticias\/wp-json\/wp\/v2\/posts\/98460","targetHints":{"allow":["GET"]}}],"collection":[{"href":"https:\/\/primicias2262.com\/noticias\/wp-json\/wp\/v2\/posts"}],"about":[{"href":"https:\/\/primicias2262.com\/noticias\/wp-json\/wp\/v2\/types\/post"}],"author":[{"embeddable":true,"href":"https:\/\/primicias2262.com\/noticias\/wp-json\/wp\/v2\/users\/3"}],"replies":[{"embeddable":true,"href":"https:\/\/primicias2262.com\/noticias\/wp-json\/wp\/v2\/comments?post=98460"}],"version-history":[{"count":0,"href":"https:\/\/primicias2262.com\/noticias\/wp-json\/wp\/v2\/posts\/98460\/revisions"}],"wp:attachment":[{"href":"https:\/\/primicias2262.com\/noticias\/wp-json\/wp\/v2\/media?parent=98460"}],"wp:term":[{"taxonomy":"category","embeddable":true,"href":"https:\/\/primicias2262.com\/noticias\/wp-json\/wp\/v2\/categories?post=98460"},{"taxonomy":"post_tag","embeddable":true,"href":"https:\/\/primicias2262.com\/noticias\/wp-json\/wp\/v2\/tags?post=98460"}],"curies":[{"name":"wp","href":"https:\/\/api.w.org\/{rel}","templated":true}]}}