{"id":98461,"date":"2023-03-18T16:46:27","date_gmt":"2023-03-18T19:46:27","guid":{"rendered":"https:\/\/primicias2262.com\/?p=98461"},"modified":"2023-03-18T16:46:27","modified_gmt":"2023-03-18T19:46:27","slug":"se-pone-en-valor-el-edificio-del-centro-civico-y-se-proyecta-incluirlo-al-patrimonio-municipal","status":"publish","type":"post","link":"https:\/\/primicias2262.com\/noticias\/se-pone-en-valor-el-edificio-del-centro-civico-y-se-proyecta-incluirlo-al-patrimonio-municipal\/","title":{"rendered":"Se pone en valor el edificio del Centro C\u00edvico y se proyecta incluirlo al patrimonio municipal"},"content":{"rendered":"<p><strong>En el marco de un decreto de emergencia dictado por el Ejecutivo, se efect\u00faan arreglos en el edificio de 58 y 61 con fondos municipales, y si bien la propiedad del lugar le corresponde a la Provincia, con la pronta mudanza de las dependencias del Registro Civil y el IPS a la Casa de la provincia que se est\u00e1 construyendo, la comuna local tendr\u00eda un\u00a0 panorama m\u00e1s claro para ir por la propiedad del edificio.<\/strong><\/p>\n<p>De este tema se explay\u00f3 Juan De La Calle, quien forma parte del equipo de la Secretar\u00eda de Planeamiento, Obras y Servicios P\u00fablicos de la Municipalidad. Lo hizo durante una nota realizada por el periodista Jorge G\u00f3mez en \u201cVoces de la Ciudad\u201d.<\/p>\n<p>Primeramente, el expresidente del Consejo Escolar cont\u00f3 que \u201ces un edificio que pertenece a Provincia, hay un comodato de uso compartido que no est\u00e1 en vigencia, entonces hab\u00eda obst\u00e1culos que se ven\u00edan dando administrativamente para poder iniciar trabajos de mantenimiento o tareas de recuperaci\u00f3n del edificio\u2026 tenemos un tribunal de cuentas que nos audita y a partir de ah\u00ed que el municipio trabaje en un edificio que es provincial, no es compatible\u201d.<\/p>\n<p><a href=\"https:\/\/primicias2262.com\/wp-content\/uploads\/2023\/03\/juan-de-la-calle.jpeg\"><img loading=\"lazy\" decoding=\"async\" class=\"aligncenter size-full wp-image-98466\" src=\"https:\/\/primicias2262.com\/wp-content\/uploads\/2023\/03\/juan-de-la-calle.jpeg\" alt=\"\" width=\"1024\" height=\"768\" \/><\/a>Seguidamente revel\u00f3 que \u201ccomenzamos en marzo de 2022 con esto y se fueron dando distintos sucesos, como el problema el\u00e9ctrico a fin de a\u00f1o que nos permiti\u00f3 a trav\u00e9s del decreto de emergencia poder empezar a trabajar en el mismo porque hay \u00e1reas municipales. Empezamos en impermeabilizaciones en losas que nos tra\u00edan filtraciones que provocaban problemas el\u00e9ctricos y en la calefacci\u00f3n, son losas que est\u00e1n sobre la sala de calderas\u201d.<\/p>\n<p>Por lo tanto, se comenz\u00f3 con tareas de electricidad en noviembre pasado, renovando los tableros el\u00e9ctricos que datan de muchos a\u00f1os y todo el cableado. \u201cEl decreto nos permiti\u00f3 trabajar lo urgente y hab\u00eda otras cuestiones que tambi\u00e9n demandaban celeridad como los cielorrasos\u201d, acot\u00f3 De La Calle, apuntando a continuaci\u00f3n que bajo el mismo decreto con fondos del municipio se hicieron arreglos de electricidad, pluviales del edificio, cielorrasos, cableado e iluminaci\u00f3n; adem\u00e1s la calefacci\u00f3n est\u00e1 funcionando y luego vendr\u00e1n los trabajos de embellecimiento con la pintura.<\/p>\n<p>\u201cHoy por hoy seguimos trabajando en el marco del decreto de emergencia que dict\u00f3 el Departamento Ejecutivo\u201d, se\u00f1al\u00f3, para manifestar en cuanto al comodato ya sin vigencia que \u201chay que actualizarlo y ya lo est\u00e1 trabajando la Secretar\u00eda de Gobierno, y al mismo tiempo, se est\u00e1 construyendo la Casa de la Provincia (58 y 45) y las dependencias provinciales que hoy funcionan en el Centro C\u00edvico se van a trasladar a este nuevo edificio: Registro Civil e IPS\u201d.<\/p>\n<p>En tanto, las \u00e1reas municipales que se encuentran actualmente en 58 y 61 son Desarrollo Humano, Tr\u00e1nsito, Licencias de Conducir, Industria y Comercio y la Unidad SUBE.<\/p>\n<p>No obstante, De La Calle plante\u00f3 que \u201ca partir de ah\u00ed la pregunta es: el edificio es provincial \u00bfdejamos que se caiga? \u00a0por supuesto que no, as\u00ed que paralelo a los trabajos que se est\u00e1n realizando se est\u00e1 trabajando tambi\u00e9n la cuesti\u00f3n administrativa para generar un nuevo convenio, a trav\u00e9s del cual podr\u00eda pasar el edificio tranquilamente al patrimonio municipal, ya que no habr\u00e1 ninguna dependencia provincial, y de esta manera contar con un edifico m\u00e1s, ya que hoy estamos faltante de espacio. Lo importante es que hoy podamos recuperar ese edificio\u201d.<\/p>\n","protected":false},"excerpt":{"rendered":"<p>En el marco de un decreto de emergencia dictado por el Ejecutivo, se efect\u00faan arreglos en el edificio de 58 y 61 con fondos municipales, y si bien la propiedad del lugar le corresponde a la Provincia, con la pronta mudanza de las dependencias del Registro Civil y el IPS a la Casa de la [&hellip;]<\/p>\n","protected":false},"author":3,"featured_media":98464,"comment_status":"closed","ping_status":"closed","sticky":false,"template":"","format":"standard","meta":{"footnotes":""},"categories":[3],"tags":[],"class_list":["post-98461","post","type-post","status-publish","format-standard","has-post-thumbnail","category-masnoticias"],"_links":{"self":[{"href":"https:\/\/primicias2262.com\/noticias\/wp-json\/wp\/v2\/posts\/98461","targetHints":{"allow":["GET"]}}],"collection":[{"href":"https:\/\/primicias2262.com\/noticias\/wp-json\/wp\/v2\/posts"}],"about":[{"href":"https:\/\/primicias2262.com\/noticias\/wp-json\/wp\/v2\/types\/post"}],"author":[{"embeddable":true,"href":"https:\/\/primicias2262.com\/noticias\/wp-json\/wp\/v2\/users\/3"}],"replies":[{"embeddable":true,"href":"https:\/\/primicias2262.com\/noticias\/wp-json\/wp\/v2\/comments?post=98461"}],"version-history":[{"count":0,"href":"https:\/\/primicias2262.com\/noticias\/wp-json\/wp\/v2\/posts\/98461\/revisions"}],"wp:attachment":[{"href":"https:\/\/primicias2262.com\/noticias\/wp-json\/wp\/v2\/media?parent=98461"}],"wp:term":[{"taxonomy":"category","embeddable":true,"href":"https:\/\/primicias2262.com\/noticias\/wp-json\/wp\/v2\/categories?post=98461"},{"taxonomy":"post_tag","embeddable":true,"href":"https:\/\/primicias2262.com\/noticias\/wp-json\/wp\/v2\/tags?post=98461"}],"curies":[{"name":"wp","href":"https:\/\/api.w.org\/{rel}","templated":true}]}}