{"id":98473,"date":"2023-03-17T09:21:59","date_gmt":"2023-03-17T12:21:59","guid":{"rendered":"https:\/\/primicias2262.com\/?p=98473"},"modified":"2023-03-17T09:21:59","modified_gmt":"2023-03-17T12:21:59","slug":"buscan-cumplir-requisitos-para-que-el-hogar-garcia-landera-pueda-ser-prestador-de-pami","status":"publish","type":"post","link":"https:\/\/primicias2262.com\/noticias\/buscan-cumplir-requisitos-para-que-el-hogar-garcia-landera-pueda-ser-prestador-de-pami\/","title":{"rendered":"Buscan cumplir requisitos para que el Hogar Garc\u00eda Landera pueda ser prestador de PAMI"},"content":{"rendered":"<p>As\u00ed lo anticip\u00f3 este jueves en \u201cVoces de la Ciudad\u201d el titular de PAMI, Gerardo Dur\u00e1n, quien m\u00e1s que como dirigente institucional se expres\u00f3 como un colaborador de a\u00f1os del hogar de ancianos que pasa por un momento financiero delicado: <strong>\u201cSe necesita el esfuerzo de la comunidad toda y estoy seguro de que se va a lograr y al hogar le va a cambiar la vida\u201d<\/strong>, afirm\u00f3, describiendo que hay que realizar reformar edilicias y arreglar cuestiones administrativas para que el hogar sea prestador de PAMI, lo que va a cambiar mucho su situaci\u00f3n actual.<\/p>\n<p>Ante la consulta del periodista Jorge G\u00f3mez, y en el contexto de una reuni\u00f3n interinstitucional que se realiz\u00f3 en las \u00faltimas horas para abordar el delicado presente financiero del Hogar Garc\u00eda Landera, que alberga a unos 45 abuelos en la actualidad, el titular de PAMI, Gerardo Dur\u00e1n, se\u00f1al\u00f3 que \u201cm\u00e1s all\u00e1 de lo institucional, soy colaborador del hogar de antes, no de ahora, y lo m\u00edo nace desde ah\u00ed y a ra\u00edz de la problem\u00e1tica financiera que est\u00e1 sufriendo el hogar\u201d.<\/p>\n<p>\u201cLa inquietud surgi\u00f3 con un grupo de vecinos dispuestos a colaborar para tratar de hacer una especie de salvataje, es un hogar hist\u00f3rico de Necochea que pr\u00f3ximamente va a cumplir su 70\u00ba aniversario y hay una cuesti\u00f3n de sentimiento muy arraigado de la ciudadan\u00eda con ese hogar\u201d, acot\u00f3 Dur\u00e1n, dando cuenta de que el landera \u201ctiene un n\u00famero importante de residentes y tiene un costo operativo muy elevado, ya que cuenta con un plantel de empleados importante de muchos a\u00f1os de antig\u00fcedad, que est\u00e1n bajo un marco laborar formal, y m\u00e1s all\u00e1 de los sueldos hay cargas sociales que a afrontar mes a mes, y todo eso se conjuga con la necesidad prestacional que tiene PAMI con respecto a las residencias geri\u00e1tricas en Necochea\u201d.<\/p>\n<p><a href=\"https:\/\/primicias2262.com\/wp-content\/uploads\/2023\/03\/gerardo-duran.jpeg\"><img loading=\"lazy\" decoding=\"async\" class=\"aligncenter size-full wp-image-98477\" src=\"https:\/\/primicias2262.com\/wp-content\/uploads\/2023\/03\/gerardo-duran.jpeg\" alt=\"\" width=\"1024\" height=\"768\" \/><\/a>Seguidamente, Dur\u00e1n cont\u00f3 que \u201cde ah\u00ed surgi\u00f3 una conversaci\u00f3n con colaboradores, y el puntapi\u00e9 lo dimos con el ingeniero Gustavo Pardal, que lleva a cabo la remodelaci\u00f3n de la Iglesia del Carmen y es parte del grupo benefactor del hogar, y le vamos a dar una formalidad a una comisi\u00f3n de colaboradores y creo que va a tener muchas adhesiones porque cuando mencion\u00e1s sobre una colaboraci\u00f3n para el hogar Garc\u00eda Landera en la ciudadan\u00eda nadie se niega a prestarla\u201d.<\/p>\n<p>Fue all\u00ed cuando revel\u00f3 que dicho hogar no es prestador de PAMI: \u201cEduardo Garc\u00eda Rapp est\u00e1 trabajando intensamente con la campa\u00f1a de leche para el hogar y yo por otro lado desde lo social estoy tratando de llevar adelante los requisitos necesarios para que en un momento el hogar pueda ser prestador de PAMI, y para eso se necesitan cumplir con algunos requisitos edilicios, m\u00e1s all\u00e1 de cuestiones administrativas\u201d, revel\u00f3.<\/p>\n<p>Ampli\u00f3 a continuaci\u00f3n que \u201csi bien varios de los abuelos que est\u00e1n ah\u00ed son afiliados de PAMI, el hogar no es prestador de PAMI por ahora\u201d, y aclar\u00f3 enf\u00e1ticamente: \u201cNo hay necesidades m\u00e9dicas que cubrir como le\u00ed por ah\u00ed, si no que la necesidad que tiene el hogar es financiera, y PAMI como instituci\u00f3n tiene una necesidad prestacional geri\u00e1trica y le falta como instituci\u00f3n al hogar cumplir con algunos requisitos edilicios que exige el instituto\u201d.<\/p>\n<p>Al echar luz sobre esos requisitos, Dur\u00e1n inform\u00f3 que \u201cpor ejemplo, hay que encuadrar en un marco laboral formal a un grupo de profesionales para que cumplan las distintas prestaciones, por ejemplo un nutricionista, terapista y dem\u00e1s, que actualmente lo tienen, pero de manera voluntaria; mientras que para hacer la obra edilicia en s\u00ed, estuvimos analizando con el Ing. Pardal y no es tanta, pero se necesita el esfuerzo de la comunidad toda y con ello podr\u00edan pasar a ser prestadores de PAMI, que hoy no lo son, y de esa forma el hogar cobrar\u00eda una prestaci\u00f3n mucho m\u00e1s elevada de la que recibe y que le ayudar\u00eda mucho de verdad\u201d.<\/p>\n<p>Finalmente, Dur\u00e1n se mostr\u00f3 confiado y afirm\u00f3: \u201cVamos camino a eso y estoy seguro de que se va a lograr, aunque no podemos dar fecha porque todo tiene su tiempo administrativo, pero se va a lograr y al hogar le va a cambiar la vida\u201d.<\/p>\n","protected":false},"excerpt":{"rendered":"<p>As\u00ed lo anticip\u00f3 este jueves en \u201cVoces de la Ciudad\u201d el titular de PAMI, Gerardo Dur\u00e1n, quien m\u00e1s que como dirigente institucional se expres\u00f3 como un colaborador de a\u00f1os del hogar de ancianos que pasa por un momento financiero delicado: \u201cSe necesita el esfuerzo de la comunidad toda y estoy seguro de que se va [&hellip;]<\/p>\n","protected":false},"author":3,"featured_media":98474,"comment_status":"closed","ping_status":"closed","sticky":false,"template":"","format":"standard","meta":{"footnotes":""},"categories":[3],"tags":[],"class_list":["post-98473","post","type-post","status-publish","format-standard","has-post-thumbnail","category-masnoticias"],"_links":{"self":[{"href":"https:\/\/primicias2262.com\/noticias\/wp-json\/wp\/v2\/posts\/98473","targetHints":{"allow":["GET"]}}],"collection":[{"href":"https:\/\/primicias2262.com\/noticias\/wp-json\/wp\/v2\/posts"}],"about":[{"href":"https:\/\/primicias2262.com\/noticias\/wp-json\/wp\/v2\/types\/post"}],"author":[{"embeddable":true,"href":"https:\/\/primicias2262.com\/noticias\/wp-json\/wp\/v2\/users\/3"}],"replies":[{"embeddable":true,"href":"https:\/\/primicias2262.com\/noticias\/wp-json\/wp\/v2\/comments?post=98473"}],"version-history":[{"count":0,"href":"https:\/\/primicias2262.com\/noticias\/wp-json\/wp\/v2\/posts\/98473\/revisions"}],"wp:attachment":[{"href":"https:\/\/primicias2262.com\/noticias\/wp-json\/wp\/v2\/media?parent=98473"}],"wp:term":[{"taxonomy":"category","embeddable":true,"href":"https:\/\/primicias2262.com\/noticias\/wp-json\/wp\/v2\/categories?post=98473"},{"taxonomy":"post_tag","embeddable":true,"href":"https:\/\/primicias2262.com\/noticias\/wp-json\/wp\/v2\/tags?post=98473"}],"curies":[{"name":"wp","href":"https:\/\/api.w.org\/{rel}","templated":true}]}}