{"id":98476,"date":"2023-03-18T16:40:50","date_gmt":"2023-03-18T19:40:50","guid":{"rendered":"https:\/\/primicias2262.com\/?p=98476"},"modified":"2023-03-18T16:40:50","modified_gmt":"2023-03-18T19:40:50","slug":"el-tiro-federal-cumple-100-anos-y-la-comunidad-concurre-periodicamente-al-historico-preio","status":"publish","type":"post","link":"https:\/\/primicias2262.com\/noticias\/el-tiro-federal-cumple-100-anos-y-la-comunidad-concurre-periodicamente-al-historico-preio\/","title":{"rendered":"El Tiro Federal cumpli\u00f3 100 a\u00f1os y la comunidad concurre peri\u00f3dicamente al hist\u00f3rico predio"},"content":{"rendered":"<p><strong>El actual presidente del Tiro Federal Argentino de Necochea, Ariel Fiadino, visit\u00f3 los estudios de \u201cVoces de la Ciudad\u201d, donde cont\u00f3 parte de la historia fundacional de la centenaria instituci\u00f3n y resalt\u00f3 el car\u00e1cter educativo de la misma, aclarando enf\u00e1ticamente que \u201cno nos gusta que la gente tenga armas sin registrar, apoyamos el registro de armas y que la gente tenga su carnet de leg\u00edtimo usuario\u201d.<\/strong><\/p>\n<p>En di\u00e1logo con el periodista Jorge G\u00f3mez, Fiadino revel\u00f3 primeramente una an\u00e9cdota hist\u00f3rica que hace al nacimiento del Tiro Federal Argentino de Necochea: \u201cUno de los fundadores fue Sebasti\u00e1n De Mar\u00eda, quien junto a otros integrantes formaron la instituci\u00f3n, y una vez en funcionamiento era tan pujante el tiro que de ah\u00ed sacaron dinero para fundar la Usina que lleva el nombre Sebasti\u00e1n De Mar\u00eda\u2026 en esa \u00e9poca el tiro empujaba mucho, era otra cosa.\u201d<\/p>\n<p>Sobre la actualidad, se explay\u00f3 acerca del rol de la instituci\u00f3n: \u201cEducamos en la materia de uso de armas de fuego, predomina la seguridad y cuando una persona entra a la instituci\u00f3n tiene la permanente compa\u00f1\u00eda de los instructores, o sea que nadie anda como un loco con un arma\u201d.<\/p>\n<p>Inform\u00f3 seguidamente que \u201cestamos dos veces por semana, de 15 a 19; la persona debe registrarse al entrar y presentar toda la documentaci\u00f3n , si no, no puede permanecer en la instituci\u00f3n, hay una norma y pasos a seguir que nos exige el ente que nos regula a todos los tiros federal de la Naci\u00f3n\u201d.<\/p>\n<p><a href=\"https:\/\/primicias2262.com\/wp-content\/uploads\/2023\/03\/fiadino.jpeg\"><img loading=\"lazy\" decoding=\"async\" class=\"aligncenter size-full wp-image-98487\" src=\"https:\/\/primicias2262.com\/wp-content\/uploads\/2023\/03\/fiadino.jpeg\" alt=\"\" width=\"1024\" height=\"768\" \/><\/a>En ese contexto, el presidente de la instituci\u00f3n necochense manifest\u00f3 que \u201crecibimos a mayores y menores de 21, que en estos casos tiene que ir con el padre, por ejemplo un chico de 15 a\u00f1os, si va con el padre o la madre, se lo instruye; primero se le habla un poco de la parte te\u00f3rica, el manejo del arma y las leyes vigentes; y despu\u00e9s se pasa a la parte de pr\u00e1ctica donde se producen disparos en la pedana, que es un sector protegido para tal fin que hace imposible que se escape un disparo de la instituci\u00f3n\u201d.<\/p>\n<p>\u201cEn dos horas la persona puede adquirir el conocimiento te\u00f3rico y pr\u00e1ctico, y peri\u00f3dicamente estamos dictando los \u00a0cursos, porque as\u00ed como con la licencia de conducir, para ser tenedor de un arma se necesita el carnet de leg\u00edtimo usuario, que por ejemplo una persona no puede tener antecedentes, si no cualquiera podr\u00eda tener el carnet de leg\u00edtimo usuario\u201d, acot\u00f3, para destacar en tal sentido que \u201cno nos gusta que la gente tenga armas sin registrar, apoyamos el registro de armas y que la gente tenga su carnet de leg\u00edtimo usuario\u201d.<\/p>\n<p>En cuanto al sostenimiento del edificio y la instituci\u00f3n en s\u00ed, Fiadino destac\u00f3 que \u201cla gente concurre peri\u00f3dicamente y actualmente contamos con 100 socios. Nosotros nos mantenemos con la cuota societaria y con lo que se recauda en las pedanas, y adem\u00e1s con los torneos que hacemos. Este viernes hay un torneo nocturno de carabina y en abril uno de tiro pr\u00e1ctico. El tiro es deporte ol\u00edmpico y nosotros siempre predominamos en la parte del tiro deportivo\u201d.<\/p>\n<p>Finalmente, acerca del edificio hist\u00f3rico del Tiro Federal en Av. 98 N\u00ba 2550, Fiadino revel\u00f3 que \u201chace una semana en la Municipalidad tramitamos la habilitaci\u00f3n municipal y pudimos declararlo como Patrimonio Hist\u00f3rico, el edificio ya es patrimonio de la ciudad\u201d.<\/p>\n<p><a href=\"https:\/\/primicias2262.com\/wp-content\/uploads\/2023\/03\/habilitacion-tiro-federal.jpg\"><img loading=\"lazy\" decoding=\"async\" class=\"aligncenter size-full wp-image-98478\" src=\"https:\/\/primicias2262.com\/wp-content\/uploads\/2023\/03\/habilitacion-tiro-federal.jpg\" alt=\"\" width=\"1200\" height=\"1600\" \/><\/a><\/p>\n","protected":false},"excerpt":{"rendered":"<p>El actual presidente del Tiro Federal Argentino de Necochea, Ariel Fiadino, visit\u00f3 los estudios de \u201cVoces de la Ciudad\u201d, donde cont\u00f3 parte de la historia fundacional de la centenaria instituci\u00f3n y resalt\u00f3 el car\u00e1cter educativo de la misma, aclarando enf\u00e1ticamente que \u201cno nos gusta que la gente tenga armas sin registrar, apoyamos el registro de [&hellip;]<\/p>\n","protected":false},"author":3,"featured_media":98479,"comment_status":"closed","ping_status":"closed","sticky":false,"template":"","format":"standard","meta":{"footnotes":""},"categories":[3],"tags":[],"class_list":["post-98476","post","type-post","status-publish","format-standard","has-post-thumbnail","category-masnoticias"],"_links":{"self":[{"href":"https:\/\/primicias2262.com\/noticias\/wp-json\/wp\/v2\/posts\/98476","targetHints":{"allow":["GET"]}}],"collection":[{"href":"https:\/\/primicias2262.com\/noticias\/wp-json\/wp\/v2\/posts"}],"about":[{"href":"https:\/\/primicias2262.com\/noticias\/wp-json\/wp\/v2\/types\/post"}],"author":[{"embeddable":true,"href":"https:\/\/primicias2262.com\/noticias\/wp-json\/wp\/v2\/users\/3"}],"replies":[{"embeddable":true,"href":"https:\/\/primicias2262.com\/noticias\/wp-json\/wp\/v2\/comments?post=98476"}],"version-history":[{"count":0,"href":"https:\/\/primicias2262.com\/noticias\/wp-json\/wp\/v2\/posts\/98476\/revisions"}],"wp:attachment":[{"href":"https:\/\/primicias2262.com\/noticias\/wp-json\/wp\/v2\/media?parent=98476"}],"wp:term":[{"taxonomy":"category","embeddable":true,"href":"https:\/\/primicias2262.com\/noticias\/wp-json\/wp\/v2\/categories?post=98476"},{"taxonomy":"post_tag","embeddable":true,"href":"https:\/\/primicias2262.com\/noticias\/wp-json\/wp\/v2\/tags?post=98476"}],"curies":[{"name":"wp","href":"https:\/\/api.w.org\/{rel}","templated":true}]}}