{"id":98484,"date":"2023-03-17T08:28:26","date_gmt":"2023-03-17T11:28:26","guid":{"rendered":"https:\/\/primicias2262.com\/?p=98484"},"modified":"2023-03-17T08:28:26","modified_gmt":"2023-03-17T11:28:26","slug":"confirmaron-las-fechas-electorales-para-este-ano","status":"publish","type":"post","link":"https:\/\/primicias2262.com\/noticias\/confirmaron-las-fechas-electorales-para-este-ano\/","title":{"rendered":"Confirmaron las fechas electorales para este a\u00f1o"},"content":{"rendered":"<p><strong>La C\u00e1mara Nacional Electoral aprob\u00f3 este jueves 16 de marzo el cronograma electoral final con todas las fechas. A fines de junio se conocer\u00e1n los precandidatos a intendente, concejales y consejeros escolares que participar\u00e1n de las primarias obligatorias a realizarse el domingo 13 de agosto. La elecci\u00f3n general tendr\u00e1 lugar el 22 de octubre. Los electos para los cargos municipales asumir\u00e1n en los primeros d\u00edas de diciembre.<\/strong><\/p>\n<p><strong>Por Jorge G\u00f3mez<\/strong><\/p>\n<p><a href=\"https:\/\/primicias2262.com\/wp-content\/uploads\/2021\/08\/Gomez.jpg\"><img loading=\"lazy\" decoding=\"async\" class=\"alignleft size-thumbnail wp-image-80409\" src=\"https:\/\/primicias2262.com\/wp-content\/uploads\/2021\/08\/Gomez-150x150.jpg\" alt=\"\" width=\"150\" height=\"150\" \/><\/a>La C\u00e1mara Nacional Electoral aprob\u00f3 este jueves 16 de marzo el cronograma electoral para las pr\u00f3ximas elecciones nacionales, que establece, entre otras cuestiones, las fechas de las elecciones primarias y las generales, cu\u00e1ndo podr\u00e1n consultarse los padrones, el reconocimiento de alianzas electorales y los plazos de la campa\u00f1a electoral.<\/p>\n<p>Adem\u00e1s, se fijaron las fechas de los debates presidenciales obligatorios.<\/p>\n<p>Las primarias con el arribo de los precandidatos, para el caso local a intendente, concejales y consejeros escolares, se realizar\u00e1n el domingo 13 de agosto, y la elecci\u00f3n general por estos mismos cargos municipales tendr\u00e1n lugar el domingo 22 de octubre.<\/p>\n<p>Los electos estar\u00e1n jurando en los primeros d\u00edas de diciembre, cuando nuestro pa\u00eds estar\u00e1 recordando el 40\u00ba aniversario del actual sistema democr\u00e1tico.<\/p>\n<p>Tanto el cronograma electoral nacional como el de la Provincia de Buenos Aires se semeja, o sea que las fechas son coincidentes.<\/p>\n<p>Las futuras coaliciones y frentes electorales -sumatoria de dos partidos con ofertas de precandidatos- se deber\u00e1n informar, en este caso para el terreno bonaerense que incluye a nuestro distrito, ante la Junta Electoral de la Provincia de Buenos Aires a fines de mayo, mientras que las listas de precandidatos se conocer\u00e1n a fines de junio. En pleno invierno tendr\u00e1 lugar la campa\u00f1a previa a las primarias.<\/p>\n<p>Mediante la Acordada Extraordinaria N\u00ba 35, la CNE confirm\u00f3 este jueves 16 de marzo que las Elecciones Primarias, Abiertas, Simult\u00e1neas y Obligatorias (PASO) ser\u00e1n en pleno invierno, el 13 de agosto, es decir, el segundo domingo de ese mes.<\/p>\n<p><a href=\"https:\/\/primicias2262.com\/wp-content\/uploads\/2023\/03\/rojas-necochea-2.jpg\"><img loading=\"lazy\" decoding=\"async\" class=\"aligncenter size-full wp-image-98490\" src=\"https:\/\/primicias2262.com\/wp-content\/uploads\/2023\/03\/rojas-necochea-2.jpg\" alt=\"\" width=\"900\" height=\"650\" \/><\/a>En cuanto a las elecciones generales -entre ellos a senadores nacionales por la Provincia de Buenos Aires, diputados nacionales por la Provincia, diputados provinciales por la Quinta Secci\u00f3n Electoral, y a intendente, concejales y consejeros escolares-, que definir\u00e1n al pr\u00f3ximo presidente y vice de la naci\u00f3n, los comicios ser\u00e1n el 22 de octubre -cuarto domingo de octubre-, y, si hubiera una eventual segunda vuelta para presidente y vice, se realizar\u00eda 30 d\u00edas despu\u00e9s, el 19 de noviembre.<\/p>\n<p>Se recuerda que para ser electos gobernador y vice, e intendente, con un solo voto de diferencia se obtiene el cargo en disputa democr\u00e1tica, o sea que no existe segunda vuelta, como es el caso de la elecci\u00f3n a presidente y vice.<\/p>\n<p>En el caso de los debates Presidenciales y obligatorios, se realizar\u00e1n el 1\u00ba de octubre y el 8 de octubre, y en caso que hubiera una segunda vuelta, se realizar\u00e1 un tercer debate el 12 de noviembre.<\/p>\n<p>Las fechas destacadas del calendario electoral<\/p>\n<ul>\n<li>24 de junio: fin del plazo para la presentaci\u00f3n de listas de precandidatos ante las juntas electorales partidarias e inicio de la campa\u00f1a electoral para las PASO;<\/li>\n<li>9 de julio: inicio de la campa\u00f1a electoral para las PASO en medios de comunicaci\u00f3n audiovisual;<\/li>\n<li>14 de julio: designaci\u00f3n de autoridades de mesa y publicaci\u00f3n del padr\u00f3n definitivo;<\/li>\n<li>19 de julio: comienzo de la prohibici\u00f3n de actos p\u00fablicos susceptibles de promover la captaci\u00f3n del sufragio;<\/li>\n<li>29 de julio: difusi\u00f3n de los lugares y mesas de votaci\u00f3n;<\/li>\n<li>11 de agosto: fin de la campa\u00f1a electoral y comienzo de la veda electoral;<\/li>\n<li>13 de agosto: elecciones Primarias, Abiertas, Simult\u00e1neas y Obligatorias (PASO);<\/li>\n<li>2 de septiembre: inicio de la campa\u00f1a electoral para las generales;<\/li>\n<li>17 de septiembre: inicio de la campa\u00f1a electoral en medios de comunicaci\u00f3n audiovisual;<\/li>\n<li>22 de septiembre: publicaci\u00f3n de los padrones definitivos;<\/li>\n<li>27 de septiembre: comienzo de la prohibici\u00f3n de actos p\u00fablicos susceptibles de promover la captaci\u00f3n del sufragio;<\/li>\n<li>1\u00ba de octubre: debate presidencial obligatorio (primera instancia);<\/li>\n<li>8 de octubre: debate presidencial obligatorio (segunda instancia);<\/li>\n<li>20 de octubre: fin de la campa\u00f1a y comienzo de la veda electoral;<\/li>\n<li>22 de octubre: elecciones generales;<\/li>\n<li>12 de noviembre: debate presidencial obligatorio (en caso de celebrarse una eventual segunda vuelta);<\/li>\n<li>19 de noviembre: eventual balotaje.<\/li>\n<\/ul>\n","protected":false},"excerpt":{"rendered":"<p>La C\u00e1mara Nacional Electoral aprob\u00f3 este jueves 16 de marzo el cronograma electoral final con todas las fechas. A fines de junio se conocer\u00e1n los precandidatos a intendente, concejales y consejeros escolares que participar\u00e1n de las primarias obligatorias a realizarse el domingo 13 de agosto. La elecci\u00f3n general tendr\u00e1 lugar el 22 de octubre. Los [&hellip;]<\/p>\n","protected":false},"author":3,"featured_media":98489,"comment_status":"closed","ping_status":"closed","sticky":false,"template":"","format":"standard","meta":{"footnotes":""},"categories":[3],"tags":[],"class_list":["post-98484","post","type-post","status-publish","format-standard","has-post-thumbnail","category-masnoticias"],"_links":{"self":[{"href":"https:\/\/primicias2262.com\/noticias\/wp-json\/wp\/v2\/posts\/98484","targetHints":{"allow":["GET"]}}],"collection":[{"href":"https:\/\/primicias2262.com\/noticias\/wp-json\/wp\/v2\/posts"}],"about":[{"href":"https:\/\/primicias2262.com\/noticias\/wp-json\/wp\/v2\/types\/post"}],"author":[{"embeddable":true,"href":"https:\/\/primicias2262.com\/noticias\/wp-json\/wp\/v2\/users\/3"}],"replies":[{"embeddable":true,"href":"https:\/\/primicias2262.com\/noticias\/wp-json\/wp\/v2\/comments?post=98484"}],"version-history":[{"count":0,"href":"https:\/\/primicias2262.com\/noticias\/wp-json\/wp\/v2\/posts\/98484\/revisions"}],"wp:attachment":[{"href":"https:\/\/primicias2262.com\/noticias\/wp-json\/wp\/v2\/media?parent=98484"}],"wp:term":[{"taxonomy":"category","embeddable":true,"href":"https:\/\/primicias2262.com\/noticias\/wp-json\/wp\/v2\/categories?post=98484"},{"taxonomy":"post_tag","embeddable":true,"href":"https:\/\/primicias2262.com\/noticias\/wp-json\/wp\/v2\/tags?post=98484"}],"curies":[{"name":"wp","href":"https:\/\/api.w.org\/{rel}","templated":true}]}}