{"id":98494,"date":"2023-03-17T08:40:16","date_gmt":"2023-03-17T11:40:16","guid":{"rendered":"https:\/\/primicias2262.com\/?p=98494"},"modified":"2023-03-17T08:40:16","modified_gmt":"2023-03-17T11:40:16","slug":"repudio-generalizado-y-paro-docente-por-los-hechos-de-violencia-contra-una-profesora","status":"publish","type":"post","link":"https:\/\/primicias2262.com\/noticias\/repudio-generalizado-y-paro-docente-por-los-hechos-de-violencia-contra-una-profesora\/","title":{"rendered":"Repudio generalizado y paro docente por los hechos de violencia contra una profesora"},"content":{"rendered":"<p><strong>Una docente fue agredida f\u00edsicamente por la madre y un hermano de una alumna que hab\u00eda reprobado la tercera y definitiva instancia evaluativa para no repetir el a\u00f1o. El incidente se produjo el mi\u00e9rcoles por la tarde en la Escuela de Ense\u00f1anza Secundaria N\u00b0 7 y gener\u00f3 un repudio generalizado en el \u00e1mbito educativo y de parte de otras instituciones.<\/strong><\/p>\n<p><strong>A tal punto que se anunci\u00f3 un paro docente y movilizaci\u00f3n, prevista esta \u00faltima para este viernes con una concentraci\u00f3n en el Paseo de la Memoria de la Plaza Dardo Rocha a partir de las 10.<br \/>\n<\/strong><\/p>\n<p>En principio se pronunci\u00f3 la comunidad educativa de la escuela donde se produjo la agresi\u00f3n a la docente, que ni bien comunic\u00f3 a la alumna que no aprobaba termin\u00f3 cayendo al piso y golpeada a pu\u00f1etazos y puntapies, hasta que fue socorrida por un grupo de estudiantes.<\/p>\n<p>Luego, en forma conjunta, se manifestaron los gremios ATE,ENA-FEB, Udocba, Sadop y Suteba, cuyos conductores se presentaron este jueves en la Jefatura Distrital, a fin de \u201cexigir que las medidas de resguardo solicitadas se hagan efectivas de manera inmediata\u201d. Y reclaman, adem\u00e1s, que \u201cdesde la instituci\u00f3n se aborde la problem\u00e1tica con toda la comunidad educativa\u201d.<\/p>\n<p>Asimismo, manifestaron un en\u00e9rgico repudio \u201ca los hechos de violencia\u201d, al tiempo que ratifican que \u201clas escuelas son espacio de cuidado y de di\u00e1logo\u201d<\/p>\n<p>Los gremios tambi\u00e9n exigen que la Justicia investigue los hechos denunciados y se disponga protecci\u00f3n para los trabajadores de la educaci\u00f3n.<\/p>\n<p>Al mismo tiempo, exigen a la Direcci\u00f3n General de Cultural y Educaci\u00f3n que brinde protecci\u00f3n, resguardo y reparaci\u00f3n para los trabajadores, cobertura por ART y el \u201cpleno funcionamiento de la mesa intersectorial para el abordaje de conflictos en el \u00e1mbito docente\u201d.<\/p>\n<p><strong>Por su parte, el Municipio tambi\u00e9n se expres\u00f3 sobre el hecho:<\/strong><\/p>\n<p>A trav\u00e9s de la Direcci\u00f3n de Educaci\u00f3n de la Municipalidad de Necochea y la Secretar\u00eda de Desarrollo Humano, el Departamento Ejecutivo expresa su repudio hacia los hechos de violencia sucedidos el \u00faltimo mi\u00e9rcoles 15 en perjuicio de una docente de la Escuela Secundaria N\u00ba 7.<\/p>\n<p>Asimismo, la comuna se solidariza con la persona afectada por las agresiones sufridas y hace un llamado a la reflexi\u00f3n a la comunidad y a quienes pusieron en peligro la integridad f\u00edsica de la docente, repudiando este y cualquier otro hecho de violencia que se suscite en la sociedad y m\u00e1s a\u00fan, en un \u00e1mbito educativo.<\/p>\n<p><strong>Pedido enf\u00e1tico<\/strong><\/p>\n<p>La comunidad educativa de la EES N\u00b0 7 se\u00f1al\u00f3 que \u201cno es la primera vez\u201d que los docentes sufren este tipo de violencia, advirtiendo que nada se ha hacho para evitarlo, apuntando sus cr\u00edticas a Sede de Inspecci\u00f3n, Jefatura Distrital, Jefatura Regional y los sindicatos.<\/p>\n<p>Pero entre los docentes el fuerte malestar estar\u00eda vinculado no s\u00f3lo con la forma en que fue agredida la profesora, sino tambi\u00e9n con la manera en la que directivos del establecimiento habr\u00edan actuado, exponi\u00e9ndola ante familiares de una alumna, en vez de respaldarla.<\/p>\n","protected":false},"excerpt":{"rendered":"<p>Una docente fue agredida f\u00edsicamente por la madre y un hermano de una alumna que hab\u00eda reprobado la tercera y definitiva instancia evaluativa para no repetir el a\u00f1o. El incidente se produjo el mi\u00e9rcoles por la tarde en la Escuela de Ense\u00f1anza Secundaria N\u00b0 7 y gener\u00f3 un repudio generalizado en el \u00e1mbito educativo y [&hellip;]<\/p>\n","protected":false},"author":3,"featured_media":72338,"comment_status":"closed","ping_status":"closed","sticky":false,"template":"","format":"standard","meta":{"footnotes":""},"categories":[3],"tags":[],"class_list":["post-98494","post","type-post","status-publish","format-standard","has-post-thumbnail","category-masnoticias"],"_links":{"self":[{"href":"https:\/\/primicias2262.com\/noticias\/wp-json\/wp\/v2\/posts\/98494","targetHints":{"allow":["GET"]}}],"collection":[{"href":"https:\/\/primicias2262.com\/noticias\/wp-json\/wp\/v2\/posts"}],"about":[{"href":"https:\/\/primicias2262.com\/noticias\/wp-json\/wp\/v2\/types\/post"}],"author":[{"embeddable":true,"href":"https:\/\/primicias2262.com\/noticias\/wp-json\/wp\/v2\/users\/3"}],"replies":[{"embeddable":true,"href":"https:\/\/primicias2262.com\/noticias\/wp-json\/wp\/v2\/comments?post=98494"}],"version-history":[{"count":0,"href":"https:\/\/primicias2262.com\/noticias\/wp-json\/wp\/v2\/posts\/98494\/revisions"}],"wp:attachment":[{"href":"https:\/\/primicias2262.com\/noticias\/wp-json\/wp\/v2\/media?parent=98494"}],"wp:term":[{"taxonomy":"category","embeddable":true,"href":"https:\/\/primicias2262.com\/noticias\/wp-json\/wp\/v2\/categories?post=98494"},{"taxonomy":"post_tag","embeddable":true,"href":"https:\/\/primicias2262.com\/noticias\/wp-json\/wp\/v2\/tags?post=98494"}],"curies":[{"name":"wp","href":"https:\/\/api.w.org\/{rel}","templated":true}]}}