{"id":98514,"date":"2023-03-17T15:02:55","date_gmt":"2023-03-17T18:02:55","guid":{"rendered":"https:\/\/primicias2262.com\/?p=98514"},"modified":"2023-03-17T15:02:55","modified_gmt":"2023-03-17T18:02:55","slug":"se-realizo-una-masiva-movilizacion-en-apoyo-a-la-docente-salvajemente-agredida","status":"publish","type":"post","link":"https:\/\/primicias2262.com\/noticias\/se-realizo-una-masiva-movilizacion-en-apoyo-a-la-docente-salvajemente-agredida\/","title":{"rendered":"Se realiz\u00f3 una masiva movilizaci\u00f3n en apoyo a la docente salvajemente agredida"},"content":{"rendered":"<div class=\"elementor-element elementor-element-db0bd95 elementor-widget elementor-widget-theme-post-content\" data-id=\"db0bd95\" data-element_type=\"widget\" data-widget_type=\"theme-post-content.default\">\n<div class=\"elementor-widget-container\">\n<p><strong>Tras el hecho de violencia que sufri\u00f3 la profesora Morot\u00ed Arocena por parte de familiares de una alumna. \u00abAc\u00e1 hay un problema social\u00bb, indic\u00f3 la presidenta del Consejo Escolar Silvia Jensen. <\/strong><\/p>\n<p>Este viernes una gran cantidad de trabajadores de la educaci\u00f3n, funcionarios y p\u00fablico en general se manifestaron frente a la Escuela Secundaria N\u00ba 7 luego de la gran golpiza que recibiera ayer la de dicha instituci\u00f3n Morot\u00ed Arocena, por familiares de una alumna, a la cual hab\u00eda reprobado en un examen.<\/p>\n<p>Primeramente, docentes autoconvocados, los gremios docentes, e integrantes de ATE y de la CGT se juntaron en el Paseo de la Memoria, para luego dirigirse hasta las puertas de la Secundaria N\u00ba7, donde esperaban las autoridades educativas, entre ellas la jefa regional de educaci\u00f3n, Ana Marinsevic y la distrital, Soledad Moreno.<\/p>\n<p>Los gremios entregaron un petitorio reclamando una serie de puntos, sin embargo, los docentes autoconvocados no adhirieron y pidieron soluciones inmediatas a la violencia que padecen los trabajadores en las aulas.<\/p>\n<p><a href=\"https:\/\/primicias2262.com\/wp-content\/uploads\/2023\/03\/movilizacion-docente2.jpeg\"><img loading=\"lazy\" decoding=\"async\" class=\"aligncenter size-full wp-image-98516\" src=\"https:\/\/primicias2262.com\/wp-content\/uploads\/2023\/03\/movilizacion-docente2.jpeg\" alt=\"\" width=\"900\" height=\"1600\" \/><\/a>Luego, en horas del mediod\u00eda, se llev\u00f3 a cabo una manifestaci\u00f3n por las calles c\u00e9ntricas, hasta llegar a las puertas de la Municipalidad, acompa\u00f1ados con banderas argentinas.<\/p>\n<p>Una de las docentes que particip\u00f3 de dicha protesta, indic\u00f3 que han \u201cvivido muchas situaciones donde -desde arriba- nos han desautorizados frente a los alumnos, porque el alumno despu\u00e9s nos pasa a faltarnos el respeto, y alumnos que hemos desaprobado nos dicen \u2018ten\u00e9s que volver a tomar el ex\u00e1men\u2019 \u00a0y sabemos que el alumno necesita l\u00edmites\u201d. Adem\u00e1s, preocupada, destac\u00f3 que \u201cahora con este hecho, el que va a pagar el pato es el equipo directivo del colegio, cuando en realidad no es culpa del equipo directivo de esta escuela, porque ese mismo hecho podr\u00eda haber pasado en otra escuela o afuera mismo de la instituci\u00f3n\u201d.<\/p>\n<p>Por \u00faltimo, manifest\u00f3 que \u201cdentro el aula, el docente es el que ense\u00f1a, tiene que tener una figura de autoridad que si la desprestigian todos, la perdemos, y lo que m\u00e1s nos preocupa es el futuro de los chicos, a donde van a ir con este nivel de facilismo\u201d, concluy\u00f3 la docente.<\/p>\n<p>Por su parte, otra de las docentes indic\u00f3 que \u201cestas situaciones se vienen desarrollando naturalmente hace ya varios a\u00f1os, y creo que esta forma de visibilizarlo es buena, hay una gran concurrencia de docentes\u201d.<\/p>\n<p>En tanto, la presidenta del Consejo Escolar Silvia Jensen afirm\u00f3 que \u00abac\u00e1 hay un problema social. Esto es grave, hoy le pas\u00f3 a esta docente, ma\u00f1ana puede ser otro trabajador social el agredido\u00bb. A lo que acot\u00f3: \u00abhay que empezar a acompa\u00f1ar para el adentro con la sociedad. Justamente, quien tiene que dar el ejemplo es el padre para el hijo, y eso no se est\u00e1 ense\u00f1ando, lamentablemente\u00bb.<\/p>\n<p><strong>Fotos: Juli\u00e1n Arocena<br \/>\nFuente: El Ciudadano Necochea<\/strong><\/p>\n<\/div>\n<\/div>\n","protected":false},"excerpt":{"rendered":"<p>Tras el hecho de violencia que sufri\u00f3 la profesora Morot\u00ed Arocena por parte de familiares de una alumna. \u00abAc\u00e1 hay un problema social\u00bb, indic\u00f3 la presidenta del Consejo Escolar Silvia Jensen. Este viernes una gran cantidad de trabajadores de la educaci\u00f3n, funcionarios y p\u00fablico en general se manifestaron frente a la Escuela Secundaria N\u00ba 7 [&hellip;]<\/p>\n","protected":false},"author":3,"featured_media":98515,"comment_status":"closed","ping_status":"closed","sticky":false,"template":"","format":"standard","meta":{"footnotes":""},"categories":[3],"tags":[],"class_list":["post-98514","post","type-post","status-publish","format-standard","has-post-thumbnail","category-masnoticias"],"_links":{"self":[{"href":"https:\/\/primicias2262.com\/noticias\/wp-json\/wp\/v2\/posts\/98514","targetHints":{"allow":["GET"]}}],"collection":[{"href":"https:\/\/primicias2262.com\/noticias\/wp-json\/wp\/v2\/posts"}],"about":[{"href":"https:\/\/primicias2262.com\/noticias\/wp-json\/wp\/v2\/types\/post"}],"author":[{"embeddable":true,"href":"https:\/\/primicias2262.com\/noticias\/wp-json\/wp\/v2\/users\/3"}],"replies":[{"embeddable":true,"href":"https:\/\/primicias2262.com\/noticias\/wp-json\/wp\/v2\/comments?post=98514"}],"version-history":[{"count":0,"href":"https:\/\/primicias2262.com\/noticias\/wp-json\/wp\/v2\/posts\/98514\/revisions"}],"wp:attachment":[{"href":"https:\/\/primicias2262.com\/noticias\/wp-json\/wp\/v2\/media?parent=98514"}],"wp:term":[{"taxonomy":"category","embeddable":true,"href":"https:\/\/primicias2262.com\/noticias\/wp-json\/wp\/v2\/categories?post=98514"},{"taxonomy":"post_tag","embeddable":true,"href":"https:\/\/primicias2262.com\/noticias\/wp-json\/wp\/v2\/tags?post=98514"}],"curies":[{"name":"wp","href":"https:\/\/api.w.org\/{rel}","templated":true}]}}