{"id":98518,"date":"2023-03-17T09:05:22","date_gmt":"2023-03-17T12:05:22","guid":{"rendered":"https:\/\/primicias2262.com\/?p=98518"},"modified":"2023-03-17T09:05:22","modified_gmt":"2023-03-17T12:05:22","slug":"nicolas-amendola-y-marcos-bertone-convocados-por-la-seleccion-para-el-americano-tri21","status":"publish","type":"post","link":"https:\/\/primicias2262.com\/noticias\/nicolas-amendola-y-marcos-bertone-convocados-por-la-seleccion-para-el-americano-tri21\/","title":{"rendered":"Nicol\u00e1s Am\u00e9ndola y Marcos Bertone, convocados por la Selecci\u00f3n para el Americano Tri21"},"content":{"rendered":"<p><strong>El nadador de la Escuela Municipal \u201cTodos al Agua\u201d, y su entrenador y coordinador de dicho espacio, recibieron la confirmaci\u00f3n de la convocatoria de la FADASD para viajar este 19 de marzo a Buenos Aires, en ocasi\u00f3n de la importante competencia de car\u00e1cter internacional.<\/strong><\/p>\n<p>Un motivo m\u00e1s de orgullo invade a la Escuela Municipal de Nataci\u00f3n Adaptada \u201cTodos al Agua\u201d, al haberse confirmado en las \u00faltimas horas la convocatoria del nadador Nicol\u00e1s Am\u00e9ndola y el entrenador Marcos Bertone a la Selecci\u00f3n Nacional por parte de la FADASD (Federaci\u00f3n Argentina de Deportes para Atletas con S\u00edndrome de Down), para ser part\u00edcipes del Campeonato Americano Tri21 a desarrollarse la semana venidera en Buenos Aires.<\/p>\n<p>En este marco, el mencionado coordinador de la escuela que depende de la Direcci\u00f3n de Deportes, a cargo de Guadalupe Hern\u00e1ndez, destac\u00f3 que \u201cestamos muy contentos y orgullosos, sab\u00edamos de esta convocatoria porque hab\u00edamos estado trabajando durante todo el verano luego del Mundial en Portugal el a\u00f1o pasado. Nicol\u00e1s (Am\u00e9ndola) estaba dentro del plantel de la Selecci\u00f3n Argentina y se entren\u00f3 mucho durante su preparaci\u00f3n, con muy buenos resultados en el Open hace 15 d\u00edas en Parque Roca, y en mi caso por segunda vez me convocan como parte del staff t\u00e9cnico de la selecci\u00f3n por parte de la FADASD\u201d.<\/p>\n<p>Por consiguiente, Am\u00e9ndola volver\u00e1 a ser parte de la Selecci\u00f3n Argentina en un evento internacional, el primero que se realiza en el pa\u00eds. Acerca de este Tri21, Bertone precis\u00f3 que \u201cparticipar\u00e1n pa\u00edses de Am\u00e9rica y tambi\u00e9n de Europa, y lo que es la nataci\u00f3n puntualmente comenzar\u00e1 el 22 y se extender\u00e1 hasta el 25. Son todas finales directas y Nicol\u00e1s va a participar en los 50, 100 y 200 metros libres; en los 50 metros mariposa y tambi\u00e9n en las postas de 50, 100 y 200 libres, y 50 combinados\u201d.<\/p>\n<p>Los necochenses partir\u00e1n rumbo a Buenos Aires este domingo 19 de marzo y del 20 al 22 ser\u00e1 la puesta a punto final de Am\u00e9ndola para esta importante competencia internacional.<\/p>\n<p>\u201cEstamos muy felices y orgullosos de poder representar a Necochea y poder continuar con grandes desaf\u00edos a partir de este programa municipal de \u201cTodos al Agua\u201d, que no nos deja de sorprender d\u00eda a d\u00eda con una gran cantidad de inscriptos este a\u00f1o que hemos comenzado, que nos plantea un gran compromiso diario para poder satisfacer las necesidades de los alumnos y sus familias\u201d, concluy\u00f3 Bertone, quien en el Equipo Argentino de Nataci\u00f3n para S\u00edndrome de Down para el Tri21 compartir\u00e1 rol de Entrenador junto a sus pares Facundo Carracedo, Jorge Flores, Andrea Luque, Marcelo Morales y Marcelo Ruiz D\u00edaz.<\/p>\n","protected":false},"excerpt":{"rendered":"<p>El nadador de la Escuela Municipal \u201cTodos al Agua\u201d, y su entrenador y coordinador de dicho espacio, recibieron la confirmaci\u00f3n de la convocatoria de la FADASD para viajar este 19 de marzo a Buenos Aires, en ocasi\u00f3n de la importante competencia de car\u00e1cter internacional. Un motivo m\u00e1s de orgullo invade a la Escuela Municipal de [&hellip;]<\/p>\n","protected":false},"author":3,"featured_media":98519,"comment_status":"closed","ping_status":"closed","sticky":false,"template":"","format":"standard","meta":{"footnotes":""},"categories":[3],"tags":[],"class_list":["post-98518","post","type-post","status-publish","format-standard","has-post-thumbnail","category-masnoticias"],"_links":{"self":[{"href":"https:\/\/primicias2262.com\/noticias\/wp-json\/wp\/v2\/posts\/98518","targetHints":{"allow":["GET"]}}],"collection":[{"href":"https:\/\/primicias2262.com\/noticias\/wp-json\/wp\/v2\/posts"}],"about":[{"href":"https:\/\/primicias2262.com\/noticias\/wp-json\/wp\/v2\/types\/post"}],"author":[{"embeddable":true,"href":"https:\/\/primicias2262.com\/noticias\/wp-json\/wp\/v2\/users\/3"}],"replies":[{"embeddable":true,"href":"https:\/\/primicias2262.com\/noticias\/wp-json\/wp\/v2\/comments?post=98518"}],"version-history":[{"count":0,"href":"https:\/\/primicias2262.com\/noticias\/wp-json\/wp\/v2\/posts\/98518\/revisions"}],"wp:attachment":[{"href":"https:\/\/primicias2262.com\/noticias\/wp-json\/wp\/v2\/media?parent=98518"}],"wp:term":[{"taxonomy":"category","embeddable":true,"href":"https:\/\/primicias2262.com\/noticias\/wp-json\/wp\/v2\/categories?post=98518"},{"taxonomy":"post_tag","embeddable":true,"href":"https:\/\/primicias2262.com\/noticias\/wp-json\/wp\/v2\/tags?post=98518"}],"curies":[{"name":"wp","href":"https:\/\/api.w.org\/{rel}","templated":true}]}}