{"id":98544,"date":"2023-03-20T11:51:43","date_gmt":"2023-03-20T14:51:43","guid":{"rendered":"https:\/\/primicias2262.com\/?p=98544"},"modified":"2023-03-20T11:51:43","modified_gmt":"2023-03-20T14:51:43","slug":"el-titular-de-guardavidas-hablo-de-un-verano-con-muchos-salvatajes-y-paros-cardiacos-en-gente-joven","status":"publish","type":"post","link":"https:\/\/primicias2262.com\/noticias\/el-titular-de-guardavidas-hablo-de-un-verano-con-muchos-salvatajes-y-paros-cardiacos-en-gente-joven\/","title":{"rendered":"El titular de Guardavidas habl\u00f3 de un verano con muchos salvatajes y paros card\u00edacos en gente joven"},"content":{"rendered":"<p><strong>Pablo Su\u00e1rez, titular de la Asociaci\u00f3n de Guardavidas Necochea Quequ\u00e9n, visit\u00f3 los estudios de \u201cVoces de la Ciudad\u201d y se refiri\u00f3 en detalles a los meses de la alta temporada, aunque se\u00f1al\u00f3 que marzo tambi\u00e9n fue intenso. Adem\u00e1s, en di\u00e1logo con el periodista Jorge G\u00f3mez traz\u00f3 un balance positivo de los elementos de trabajo con que se cont\u00f3 y marc\u00f3 un \u201cdi\u00e1logo fluido\u201d con las autoridades municipales.<\/strong><\/p>\n<p>Primeramente, Su\u00e1rez asegur\u00f3 que \u201cm\u00e1s all\u00e1 de que tuvimos un verano bastante intenso, marzo ha sido relativamente picante, con gran cantidad de flujo tur\u00edstico, gran cantidad de gente que ha ido a la playa y gran cantidad de trabajo\u201d, ya que si bien \u201cel mar ha acompa\u00f1ado porque ha estado bastante apacible, hay que recordar que tenemos un mar abierto, con gran cantidad de corrientes de arrastre, pozos y canaletas\u2026 tenemos un mar muy lindo pero muy peligroso en gran cantidad de lugares\u201d.<\/p>\n<p>Fue all\u00ed cuando report\u00f3 que \u201chubo gran cantidad de intervenciones y sobre todo paros card\u00edacos que han sucedido con la gente joven\u201d, dando cuenta a la pasada que \u201cse pudo asistir a una persona con un paro card\u00edaco en La Viraz\u00f3n, tambi\u00e9n el otro d\u00eda en el sector del Trafwe, una se\u00f1ora de 40 a\u00f1os estaba tomando mate y gracias a Dios hab\u00eda m\u00e9dicos en la zona y guardavidas que r\u00e1pidamente actuaron, se utiliz\u00f3 el DEA que estaba en la ambulancia y fue trasladada al hospital, e ingres\u00f3 con signos vitales estables por suerte\u201d.<\/p>\n<p>Por todo ello, Su\u00e1rez afirm\u00f3 que \u201cha quedado justificado que el servicio se debe estirar hasta los primeros d\u00edas de abril\u201d, y m\u00e1s a\u00fan, \u201cpretender\u00edamos comenzar antes la temporada, en noviembre, que la gente ya empieza a bajar a la playa, y cerrar en Semana Santa, y mantener el servicio porque se recibe un gran flujo tur\u00edstico\u201d, anhel\u00f3.<\/p>\n<p>El titular de AGNQ argument\u00f3 que \u201cse ha ampliado much\u00edsimo la playa, lugares que parec\u00edan lejanos hace unos a\u00f1os, hoy son de f\u00e1cil acceso. Cuando iniciamos nuestra gesti\u00f3n hace ocho a\u00f1os \u00e9ramos 89 guardavidas municipales y hoy somos 132, es decir que la cobertura se ha ampliado y por consiguiente la cantidad de guardavidas y los lugares a cubrir, como el Puente Dardo Rocha, bajadas 4 x 4, Karamawi, la continuaci\u00f3n de las calles 71 y 67, desde la 75 hasta la Escollera es impresionante la cantidad de gente que va\u201d.<\/p>\n<p>En cuanto a elementos de trabajo y refugios, Su\u00e1rez rescat\u00f3 \u201cun balance bastante positivo\u201d, y asegur\u00f3 que ya se trabaja en organizar la temporada venidera: \u201cAc\u00e1 no se descansa, ni bien termina una temporada se piensa en la pr\u00f3xima\u201d, y en referencia a la que est\u00e1 cerca de culminar se\u00f1al\u00f3 que se pudieron alquilar contenedores como refugio, aunque la idea es construir refugios y est\u00e1 el compromiso de comprar otra moto de agua.<\/p>\n<p>Finalmente, Su\u00e1rez fue consultado respecto al refugio nuevo de los guardavidas en Neptuno: \u201cEs un lugar muy c\u00f3modo para guarecernos\u2026 ven\u00edamos con experiencias anteriores muy negativas, de que \u00edbamos a tener tal cosa y por eso nos costaba creer, pero tambi\u00e9n ven\u00edamos con un di\u00e1logo fluido con la actual gesti\u00f3n, confiamos en que se pod\u00eda hacer y ah\u00ed est\u00e1 la obra hecha\u201d, valor\u00f3.<\/p>\n","protected":false},"excerpt":{"rendered":"<p>Pablo Su\u00e1rez, titular de la Asociaci\u00f3n de Guardavidas Necochea Quequ\u00e9n, visit\u00f3 los estudios de \u201cVoces de la Ciudad\u201d y se refiri\u00f3 en detalles a los meses de la alta temporada, aunque se\u00f1al\u00f3 que marzo tambi\u00e9n fue intenso. Adem\u00e1s, en di\u00e1logo con el periodista Jorge G\u00f3mez traz\u00f3 un balance positivo de los elementos de trabajo con [&hellip;]<\/p>\n","protected":false},"author":3,"featured_media":98548,"comment_status":"closed","ping_status":"closed","sticky":false,"template":"","format":"standard","meta":{"footnotes":""},"categories":[3],"tags":[],"class_list":["post-98544","post","type-post","status-publish","format-standard","has-post-thumbnail","category-masnoticias"],"_links":{"self":[{"href":"https:\/\/primicias2262.com\/noticias\/wp-json\/wp\/v2\/posts\/98544","targetHints":{"allow":["GET"]}}],"collection":[{"href":"https:\/\/primicias2262.com\/noticias\/wp-json\/wp\/v2\/posts"}],"about":[{"href":"https:\/\/primicias2262.com\/noticias\/wp-json\/wp\/v2\/types\/post"}],"author":[{"embeddable":true,"href":"https:\/\/primicias2262.com\/noticias\/wp-json\/wp\/v2\/users\/3"}],"replies":[{"embeddable":true,"href":"https:\/\/primicias2262.com\/noticias\/wp-json\/wp\/v2\/comments?post=98544"}],"version-history":[{"count":0,"href":"https:\/\/primicias2262.com\/noticias\/wp-json\/wp\/v2\/posts\/98544\/revisions"}],"wp:attachment":[{"href":"https:\/\/primicias2262.com\/noticias\/wp-json\/wp\/v2\/media?parent=98544"}],"wp:term":[{"taxonomy":"category","embeddable":true,"href":"https:\/\/primicias2262.com\/noticias\/wp-json\/wp\/v2\/categories?post=98544"},{"taxonomy":"post_tag","embeddable":true,"href":"https:\/\/primicias2262.com\/noticias\/wp-json\/wp\/v2\/tags?post=98544"}],"curies":[{"name":"wp","href":"https:\/\/api.w.org\/{rel}","templated":true}]}}