{"id":98546,"date":"2023-03-20T11:50:31","date_gmt":"2023-03-20T14:50:31","guid":{"rendered":"https:\/\/primicias2262.com\/?p=98546"},"modified":"2023-03-20T11:50:31","modified_gmt":"2023-03-20T14:50:31","slug":"ya-se-vacuna-contra-la-gripe-al-personal-de-salud-y-pronto-llegaran-dosis-para-la-comunidad","status":"publish","type":"post","link":"https:\/\/primicias2262.com\/noticias\/ya-se-vacuna-contra-la-gripe-al-personal-de-salud-y-pronto-llegaran-dosis-para-la-comunidad\/","title":{"rendered":"Ya se vacuna contra la gripe al personal de salud y pronto llegar\u00e1n dosis para la comunidad"},"content":{"rendered":"<p><strong>As\u00ed lo confirm\u00f3 la coordinadora municipal de vacunaci\u00f3n, Adriana Turiaci, quien adem\u00e1s en nota con Jorge G\u00f3mez para \u201cVoces de la Ciudad\u201d record\u00f3 que se sigue vacunando contra el Covid en dos postas.<\/strong><\/p>\n<p>En referencia a la gripe, Turiaci fue consultada por el inicio de la campa\u00f1a de vacunaci\u00f3n, dependiente de la Regi\u00f3n Sanitaria VIII, acerca de lo que aclar\u00f3 que \u201cla campa\u00f1a de vacunaci\u00f3n antigripal 2023 se lanz\u00f3 el viernes anterior, est\u00e1n llegando dosis para el personal de Salud para estar protegidos y as\u00ed proteger a los dem\u00e1s\u201d.<\/p>\n<p>Por ende, se\u00f1al\u00f3 que \u201cya estamos vacunando al personal de Salud, y luego ir\u00e1n llegando tandas para los otros grupos y se les dar\u00e1n las dosis en los centros de salud\u201d, a\u00f1adiendo que \u201cal igual que los a\u00f1os anteriores, la campa\u00f1a es secuencial y es por grupos etarios. Paulatinamente se ir\u00e1n abriendo diferentes grupos, como por ejemplo, mayores de 65 a\u00f1os, personas de 9 a 64 a\u00f1os con o sin riesgo, ni\u00f1os de 6 a 24 meses\u201d.<\/p>\n<p>En ese aspecto asegur\u00f3 que \u201chay que respetar los grupos porque no son iguales las vacunas, para los mayores viene una vacuna diferente con menos riesgo, para los adultos otra y es otra dosificaci\u00f3n por supuesto para los ni\u00f1os\u201d.<\/p>\n<p>Asimismo, la integrante de Atenci\u00f3n Primaria de la Salud hizo una serie de aclaraciones tales como: \u201cNo tenemos una vacuna combinada con COVID, sino que es exclusivamente antigripal\u201d; \u201cPAMI y IOMA tienen sus propias campa\u00f1as, aunque varios de PAMI vamos a vacunar seguramente\u201d, y \u201cla gente se puede vacunar en simult\u00e1neo contra el Covid y la gripe, separados por un d\u00eda, 10 o un mes, te pod\u00e9s vacunar en simult\u00e1neo\u201d.<\/p>\n<p>En cuanto a la vacunaci\u00f3n contra el Covid, record\u00f3 que \u201cestamos vacunando como siempre en las postas de los CAPS Sudoeste y Fomento Quequ\u00e9n de lunes a viernes de 8 a 14, con escasa concurrencia, pero en el invierno la gente va a volver a vacunarse\u201d.<\/p>\n<p>Finalmente, respecto a las vacunas de ingreso escolar, inform\u00f3 que los colegios empezar\u00e1n a recibir dosis y trabajar\u00e1n en conjunto con los \u00a0Promotores de Salud Comunitaria, \u201cque vienen trabajando con nosotros desde la Provincia, trabajaremos unidos para llevar adelante la campa\u00f1a en los jardines maternales, de infantes, Primaria y los primeros a\u00f1os de Secundaria tambi\u00e9n\u201d.<\/p>\n","protected":false},"excerpt":{"rendered":"<p>As\u00ed lo confirm\u00f3 la coordinadora municipal de vacunaci\u00f3n, Adriana Turiaci, quien adem\u00e1s en nota con Jorge G\u00f3mez para \u201cVoces de la Ciudad\u201d record\u00f3 que se sigue vacunando contra el Covid en dos postas. En referencia a la gripe, Turiaci fue consultada por el inicio de la campa\u00f1a de vacunaci\u00f3n, dependiente de la Regi\u00f3n Sanitaria VIII, [&hellip;]<\/p>\n","protected":false},"author":3,"featured_media":75737,"comment_status":"closed","ping_status":"closed","sticky":false,"template":"","format":"standard","meta":{"footnotes":""},"categories":[3],"tags":[],"class_list":["post-98546","post","type-post","status-publish","format-standard","has-post-thumbnail","category-masnoticias"],"_links":{"self":[{"href":"https:\/\/primicias2262.com\/noticias\/wp-json\/wp\/v2\/posts\/98546","targetHints":{"allow":["GET"]}}],"collection":[{"href":"https:\/\/primicias2262.com\/noticias\/wp-json\/wp\/v2\/posts"}],"about":[{"href":"https:\/\/primicias2262.com\/noticias\/wp-json\/wp\/v2\/types\/post"}],"author":[{"embeddable":true,"href":"https:\/\/primicias2262.com\/noticias\/wp-json\/wp\/v2\/users\/3"}],"replies":[{"embeddable":true,"href":"https:\/\/primicias2262.com\/noticias\/wp-json\/wp\/v2\/comments?post=98546"}],"version-history":[{"count":0,"href":"https:\/\/primicias2262.com\/noticias\/wp-json\/wp\/v2\/posts\/98546\/revisions"}],"wp:attachment":[{"href":"https:\/\/primicias2262.com\/noticias\/wp-json\/wp\/v2\/media?parent=98546"}],"wp:term":[{"taxonomy":"category","embeddable":true,"href":"https:\/\/primicias2262.com\/noticias\/wp-json\/wp\/v2\/categories?post=98546"},{"taxonomy":"post_tag","embeddable":true,"href":"https:\/\/primicias2262.com\/noticias\/wp-json\/wp\/v2\/tags?post=98546"}],"curies":[{"name":"wp","href":"https:\/\/api.w.org\/{rel}","templated":true}]}}