{"id":98549,"date":"2023-03-20T12:16:33","date_gmt":"2023-03-20T15:16:33","guid":{"rendered":"https:\/\/primicias2262.com\/?p=98549"},"modified":"2023-03-20T12:16:33","modified_gmt":"2023-03-20T15:16:33","slug":"jornada-de-escrituracion-32-familias-de-necochea-firmaran-su-titulo-de-propiedad","status":"publish","type":"post","link":"https:\/\/primicias2262.com\/noticias\/jornada-de-escrituracion-32-familias-de-necochea-firmaran-su-titulo-de-propiedad\/","title":{"rendered":"Jornada de escrituraci\u00f3n: 32 familias de Necochea firmar\u00e1n su t\u00edtulo de propiedad"},"content":{"rendered":"<p><strong>En el marco del programa \u201cMi escritura, mi casa\u201d implementado por el gobierno de la provincia de Buenos Aires, el lunes venidero en Necochea, 32 familias firmar\u00e1n sus t\u00edtulos de propiedad.<\/strong><\/p>\n<p><strong>La jornada de escrituraci\u00f3n se realizar\u00e1 el lunes 27 de marzo, a partir de las 13.30 horas,\u00a0en el Sal\u00f3n de actos de la Municipalidad de Necochea<\/strong>, Calle 56 n 2945, donde las familias beneficiarias deber\u00e1n asistir con DNI, fotocopia del DNI y CUIL, sentencia de divorcio y poder (en caso de ser necesario).<\/p>\n<p>El plan \u201cMi escritura, mi casa\u201d implementado a principios del a\u00f1o 2020 por decisi\u00f3n del Gobernador de la Provincia de Buenos Aires Axel Kicillof, se lleva adelante a trav\u00e9s de la Escriban\u00eda General de Gobierno, dependiente del Ministerio de Justicia y Derechos Humanos y en v\u00ednculo directo con los 135 municipios de la provincia.<\/p>\n<p><a href=\"https:\/\/primicias2262.com\/wp-content\/uploads\/2023\/03\/necochea.jpg\"><img loading=\"lazy\" decoding=\"async\" class=\"aligncenter size-large wp-image-98550\" src=\"https:\/\/primicias2262.com\/wp-content\/uploads\/2023\/03\/necochea-715x1024.jpg\" alt=\"\" width=\"696\" height=\"997\" \/><\/a>Al respecto el gobernador Kicillof afirm\u00f3 que \u201cestamos brindando derechos a miles de bonaerenses que podr\u00e1n, a partir de contar con su t\u00edtulo de propiedad, tener tranquilidad sobre su bien m\u00e1s preciado, adem\u00e1s de acceder a un cr\u00e9dito \u00f3 incluso dejar su vivienda como legado\u201d.<\/p>\n<p>Con este programa, el Estado provincial tiene como objetivo garantizar a aquellas familias bonaerenses de menores recursos, la posibilidad de titularizar su vivienda, facilitando el acceso a ese derecho universal. Para acceder a este beneficio el inmueble a escriturar debe ser vivienda \u00fanica y de ocupaci\u00f3n permanente, su valuaci\u00f3n fiscal no debe superar los $2.020.200 \u00f3 si es un terreno que sea igual \u00f3 menor a $ 1.010.100 y el tr\u00e1mite debe ser declarado de inter\u00e9s social.<\/p>\n<p><a href=\"https:\/\/primicias2262.com\/wp-content\/uploads\/2023\/03\/Necochea-Firmas.PDF.pdf\" target=\"_blank\" rel=\"noopener\"><strong>LISTADO<\/strong><\/a><\/p>\n","protected":false},"excerpt":{"rendered":"<p>En el marco del programa \u201cMi escritura, mi casa\u201d implementado por el gobierno de la provincia de Buenos Aires, el lunes venidero en Necochea, 32 familias firmar\u00e1n sus t\u00edtulos de propiedad. La jornada de escrituraci\u00f3n se realizar\u00e1 el lunes 27 de marzo, a partir de las 13.30 horas,\u00a0en el Sal\u00f3n de actos de la Municipalidad [&hellip;]<\/p>\n","protected":false},"author":3,"featured_media":98551,"comment_status":"closed","ping_status":"closed","sticky":false,"template":"","format":"standard","meta":{"footnotes":""},"categories":[3],"tags":[],"class_list":["post-98549","post","type-post","status-publish","format-standard","has-post-thumbnail","category-masnoticias"],"_links":{"self":[{"href":"https:\/\/primicias2262.com\/noticias\/wp-json\/wp\/v2\/posts\/98549","targetHints":{"allow":["GET"]}}],"collection":[{"href":"https:\/\/primicias2262.com\/noticias\/wp-json\/wp\/v2\/posts"}],"about":[{"href":"https:\/\/primicias2262.com\/noticias\/wp-json\/wp\/v2\/types\/post"}],"author":[{"embeddable":true,"href":"https:\/\/primicias2262.com\/noticias\/wp-json\/wp\/v2\/users\/3"}],"replies":[{"embeddable":true,"href":"https:\/\/primicias2262.com\/noticias\/wp-json\/wp\/v2\/comments?post=98549"}],"version-history":[{"count":0,"href":"https:\/\/primicias2262.com\/noticias\/wp-json\/wp\/v2\/posts\/98549\/revisions"}],"wp:attachment":[{"href":"https:\/\/primicias2262.com\/noticias\/wp-json\/wp\/v2\/media?parent=98549"}],"wp:term":[{"taxonomy":"category","embeddable":true,"href":"https:\/\/primicias2262.com\/noticias\/wp-json\/wp\/v2\/categories?post=98549"},{"taxonomy":"post_tag","embeddable":true,"href":"https:\/\/primicias2262.com\/noticias\/wp-json\/wp\/v2\/tags?post=98549"}],"curies":[{"name":"wp","href":"https:\/\/api.w.org\/{rel}","templated":true}]}}