{"id":98565,"date":"2023-03-21T09:35:52","date_gmt":"2023-03-21T12:35:52","guid":{"rendered":"https:\/\/primicias2262.com\/?p=98565"},"modified":"2023-03-21T09:35:52","modified_gmt":"2023-03-21T12:35:52","slug":"astesano-informatica-cumple-30-anos-siempre-hemos-invertido-en-la-ciudad-y-lo-seguimos-haciendo","status":"publish","type":"post","link":"https:\/\/primicias2262.com\/noticias\/astesano-informatica-cumple-30-anos-siempre-hemos-invertido-en-la-ciudad-y-lo-seguimos-haciendo\/","title":{"rendered":"Astesano Inform\u00e1tica cumple 30 a\u00f1os: \u201cSiempre hemos invertido en la ciudad y lo seguimos haciendo\u201d"},"content":{"rendered":"<p><strong>As\u00ed lo indic\u00f3 el pionero de la firma, Alfredo Astesano, durante una visita a los estudios de \u201cVoces de la Ciudad\u201d, donde cont\u00f3 en una nota realizada por el periodista Jorge G\u00f3mez sus inicios y la actualidad de la empresa que tiene cerca de 100 trabajadores en relaci\u00f3n de dependencia.<\/strong><\/p>\n<p>Astesano, actualmente de 67 a\u00f1os, mir\u00f3 en retrospectiva y asegur\u00f3 que \u201ces un sue\u00f1o todo lo que se hizo, la emoci\u00f3n est\u00e1, pero todav\u00eda estoy con toda la fuerza de seguir, hemos pasado etapas muy dif\u00edciles, pero siempre agradeciendo a la comunidad de Necochea y Lober\u00eda, que nos han respaldado y nos han apoyado\u201d.<\/p>\n<p>A t\u00edtulo personal, rememor\u00f3 que \u201cme toc\u00f3 estar en la tecnolog\u00eda de muy joven, la relaci\u00f3n m\u00eda con la inform\u00e1tica comienza en el a\u00f1o \u201980 con las primeras computadoras que comenzaron a entrar al pa\u00eds, arrancamos con equipos multiusuarios, yo estuve 20 a\u00f1os como empleado de la Cooperativa El\u00e9ctrica de la Usina, a la cual le estoy muy agradecido porque en su momento fue una formaci\u00f3n, pero no hab\u00eda profesionales en el tema y la misma gente de IBM que ven\u00eda de Estados Unidos seleccion\u00f3 dos o tres personas en ese momento en la cooperativa, se hicieron ex\u00e1menes muy grandes y salimos seleccionados Daniel Bernat y yo\u2026 ya de esa \u00e9poca tuve la suerte de ver los cambios que se produc\u00edan en la tecnolog\u00eda y los avances en inform\u00e1tica\u201d.<\/p>\n<p>\u201cEn los \u201980 los equipos eran como roperos, piezas gigantes que solo eran accesibles para empresas\u201d, se\u00f1al\u00f3 a la pasada, y luego de ello cont\u00f3 que \u201cen 1993 comenzamos en un local que estaba en 53 entre 54 y 56\u2026 era un local muy chico donde plantamos 4 o 5 computadoras, nosotros empezamos a estudiar el tema de las PC hogare\u00f1as, empezamos a programar algunos equipos y a vislumbrar la posibilidad de capacitar a la gente, porque ven\u00edan los procesadores de texto por ejemplo, a reemplazar las m\u00e1quinas de escribir Olivetti\u201d.<\/p>\n<p><a href=\"https:\/\/primicias2262.com\/wp-content\/uploads\/2023\/03\/alfredo-astesano.jpeg\"><img loading=\"lazy\" decoding=\"async\" class=\"aligncenter size-full wp-image-98571\" src=\"https:\/\/primicias2262.com\/wp-content\/uploads\/2023\/03\/alfredo-astesano.jpeg\" alt=\"\" width=\"1024\" height=\"768\" \/><\/a>Seguidamente, cit\u00f3 a Ricardo Marino, director desde A&amp;T: \u201c\u00c9l hab\u00eda terminado de estudiar An\u00e1lisis de Sistemas y comenzamos con la idea de generar un lugar donde se hiciera la capacitaci\u00f3n, porque se ven\u00eda todo este cambio y no hab\u00eda recurso humano, y ah\u00ed fue que pusimos Astesano Inform\u00e1tica con la primera mirada orientada en la educaci\u00f3n y capacitaci\u00f3n. En el primer a\u00f1o ya hab\u00edamos capacitado a m\u00e1s de 100 personas y nos pasamos a la Galer\u00eda Monviso\u201d.<\/p>\n<p>En ese momento surge a nivel pa\u00eds el IAC (Instituto Argentino de Computaci\u00f3n), acerca de lo que Astesano puntualiz\u00f3 que \u201cnos asociamos con ellos y bajamos una serie de planes nuevos de educaci\u00f3n e hicimos una revoluci\u00f3n: llegamos a tener m\u00e1s de mil alumnos y capacitaciones en los colegios. Ah\u00ed fue un gran cambio y la empresa empez\u00f3 a orientar en las dos ramas que somos actualmente: Astesano Inform\u00e1tica air fibra, y educaci\u00f3n y tecnolog\u00eda en conjunto con el centro educativo A&amp;T UPC en la calle 40 entre 59 y 57\u201d.<\/p>\n<p>A lo largo de estas tres d\u00e9cadas, asegura Astesano que \u201csiempre hemos invertido en la ciudad, hemos sido pioneros de los cambios en tecnolog\u00eda, en los a\u00f1os 2000 comenzamos con la Universidad Cat\u00f3lica de Salta y empezamos en la esquina de 65 y 62 (donde funciona hasta el d\u00eda de hoy) con las primeras videoconferencias. La parte educativa lo hemos hecho como un aporte a la sociedad entendiendo que era una necesidad\u201d.<\/p>\n<p>Con el correr de los a\u00f1os, diferentes fen\u00f3menos y servicios fueron apareciendo y el Grupo Astesano siempre estuvo a la vanguardia: internet, banda ancha, fibra \u00f3ptica y tv por internet con la actual se\u00f1al Wo Play, sobre lo que defini\u00f3 el empresario que \u201cla tendencia mundial de la televisi\u00f3n es que vaya todo a trav\u00e9s de un solo cable, todo pegado al servicio de internet. Hoy internet toca todo, todo est\u00e1 ah\u00ed, y a trav\u00e9s de un buen servicio de internet se puede brindar\u201d.<\/p>\n<p>Y hablando precismaente de internet, Astesano record\u00f3 cuando apareci\u00f3 en 1996: \u201cPor aquel entonces empieza a aparecer la palabra internet, que no se entend\u00eda bien qu\u00e9 era, y aparece con los primeros servicios ese a\u00f1o, y ese mismo a\u00f1o nosotros ponemos el primer nodo. Contratamos una empresa de Bs. As. y se bajaba satelital\u201d.<\/p>\n<p>Es por ello que volvi\u00f3 a insistir en que \u201ccualquiera que vive en este pa\u00eds sabe que hemos tenido muchos altibajos, pero nosotros hemos estado continuamente invirtiendo y lo seguimos haciendo\u201d, en referencia a la aparici\u00f3n de la banda ancha; la fibra \u00f3ptica (con la cual llegan ya casi al 70% de la ciudad); y el aire de tv, todo lo cual hizo al crecimiento de la empresa.\u00a0 En ese sentido con el tema de la fibra, Astesano resalt\u00f3 la muy buena recepci\u00f3n que ha tenido por parte de la Municipalidad de Necochea y de la de Lober\u00eda.<\/p>\n<p>Finalmente, Alfredo Astesano confirm\u00f3 que el jueves tendr\u00e1n el festejo de los 30 a\u00f1os de la empresa, resalt\u00f3 que \u201chemos sabido armar un equipo grande que nos permiti\u00f3 desarrollar de a poco, es un equipo con chicos muy j\u00f3venes tambi\u00e9n\u201d, y concluy\u00f3 que \u201cnos interesa estar y dar servicio, y hoy estamos llegando casi a 100 familias en relaci\u00f3n de dependencia, trabajando con mano de obra local\u201d.<\/p>\n","protected":false},"excerpt":{"rendered":"<p>As\u00ed lo indic\u00f3 el pionero de la firma, Alfredo Astesano, durante una visita a los estudios de \u201cVoces de la Ciudad\u201d, donde cont\u00f3 en una nota realizada por el periodista Jorge G\u00f3mez sus inicios y la actualidad de la empresa que tiene cerca de 100 trabajadores en relaci\u00f3n de dependencia. Astesano, actualmente de 67 a\u00f1os, [&hellip;]<\/p>\n","protected":false},"author":3,"featured_media":98579,"comment_status":"closed","ping_status":"closed","sticky":false,"template":"","format":"standard","meta":{"footnotes":""},"categories":[3],"tags":[],"class_list":["post-98565","post","type-post","status-publish","format-standard","has-post-thumbnail","category-masnoticias"],"_links":{"self":[{"href":"https:\/\/primicias2262.com\/noticias\/wp-json\/wp\/v2\/posts\/98565","targetHints":{"allow":["GET"]}}],"collection":[{"href":"https:\/\/primicias2262.com\/noticias\/wp-json\/wp\/v2\/posts"}],"about":[{"href":"https:\/\/primicias2262.com\/noticias\/wp-json\/wp\/v2\/types\/post"}],"author":[{"embeddable":true,"href":"https:\/\/primicias2262.com\/noticias\/wp-json\/wp\/v2\/users\/3"}],"replies":[{"embeddable":true,"href":"https:\/\/primicias2262.com\/noticias\/wp-json\/wp\/v2\/comments?post=98565"}],"version-history":[{"count":0,"href":"https:\/\/primicias2262.com\/noticias\/wp-json\/wp\/v2\/posts\/98565\/revisions"}],"wp:attachment":[{"href":"https:\/\/primicias2262.com\/noticias\/wp-json\/wp\/v2\/media?parent=98565"}],"wp:term":[{"taxonomy":"category","embeddable":true,"href":"https:\/\/primicias2262.com\/noticias\/wp-json\/wp\/v2\/categories?post=98565"},{"taxonomy":"post_tag","embeddable":true,"href":"https:\/\/primicias2262.com\/noticias\/wp-json\/wp\/v2\/tags?post=98565"}],"curies":[{"name":"wp","href":"https:\/\/api.w.org\/{rel}","templated":true}]}}