{"id":98567,"date":"2023-03-21T09:59:45","date_gmt":"2023-03-21T12:59:45","guid":{"rendered":"https:\/\/primicias2262.com\/?p=98567"},"modified":"2023-03-21T09:59:45","modified_gmt":"2023-03-21T12:59:45","slug":"en-gerardo-morales-hay-un-monton-de-virtudes-que-muchos-radicales-hace-muchos-anos-veniamos-esperando","status":"publish","type":"post","link":"https:\/\/primicias2262.com\/noticias\/en-gerardo-morales-hay-un-monton-de-virtudes-que-muchos-radicales-hace-muchos-anos-veniamos-esperando\/","title":{"rendered":"\u201cEn Gerardo Morales hay un mont\u00f3n de virtudes que muchos radicales hace muchos a\u00f1os ven\u00edamos esperando\u201d"},"content":{"rendered":"<p><strong>As\u00ed lo afirm\u00f3 en \u201cVoces de la Ciudad\u201d Felicitas Cabret\u00f3n, quien estuvo presente en el lanzamiento de la precandidatura a presidente del dirigente radical Gerardo Morales, de quien asegur\u00f3 que representa federalismo, car\u00e1cter y agenda progresista.<\/strong><\/p>\n<p>Durante una nota realizada por el periodista Jorge G\u00f3mez, la edil de la UCR local e integrante de la Agrupaci\u00f3n de Mujeres \u201cElvira Rawson\u201d, no escatim\u00f3 en elogios hacia el actual gobernador de Jujuy, Gerardo Morales, quien lanz\u00f3 la semana anterior en el Gran Rex de Buenos Aires su precandidatura a presidente de la Naci\u00f3n.<\/p>\n<p>Dicha agrupaci\u00f3n de mujeres forma parte de la corriente nacional con Federico Storani como referente y por ello viajaron al lanzamiento de Gerardo Morales, de quien Felicitas manifest\u00f3 que \u201ces por un mont\u00f3n de razones que la corriente nacional hemos decidido acompa\u00f1arlo, no solo en el lanzamiento de esta precandidatura presidencial, sino que Storani adem\u00e1s es miembro de su comit\u00e9 de campa\u00f1a en la provincia de Buenos Aires, entonces m\u00e1s que un acompa\u00f1amiento es un compromiso para lograr que Gerardo Morales sea nuestro candidato a presidente de la Uni\u00f3n C\u00edvica Radical\u201d.<\/p>\n<p>A partir de all\u00ed, argument\u00f3 que \u201cen la figura de Morales hay un mont\u00f3n de virtudes que muchos radicales hace muchos a\u00f1os ven\u00edamos esperando, sobre todo esa impronta y car\u00e1cter que tiene y que demuestra desde que ha sido gobernador de Jujuy, una provincia que siempre se consider\u00f3 inviable porque siempre dio d\u00e9ficit y viv\u00eda de lo que le giraba la Naci\u00f3n, y Gerardo Morales hizo que tuviera super\u00e1vit y adem\u00e1s pudo gobernar con decisi\u00f3n y car\u00e1cter, aun teniendo 50 d\u00edas las plazas tomadas para que no pudiera hacerlo\u201d.<\/p>\n<p>Pero no solo ponder\u00f3 el car\u00e1cter y la decisi\u00f3n de Morales, sino las pol\u00edticas progresistas que lleva adelante en su provincia: \u201cEs una provincia que tiene el parque e\u00f3lico m\u00e1s grande del pa\u00eds, que con el dinero que se genera de ah\u00ed est\u00e1 haciendo 258 escuelas; adem\u00e1s el cannabis medicinal y la firmeza que se necesita para asumir en diciembre de este a\u00f1o como presidente\u201d, acot\u00f3 la dirigente necochense.<\/p>\n<p><a href=\"https:\/\/primicias2262.com\/wp-content\/uploads\/2023\/03\/cabreton-morales.jpeg\"><img loading=\"lazy\" decoding=\"async\" class=\"alignleft size-medium wp-image-98568\" src=\"https:\/\/primicias2262.com\/wp-content\/uploads\/2023\/03\/cabreton-morales-178x300.jpeg\" alt=\"\" width=\"178\" height=\"300\" \/><\/a>Lejos de frenar, sigui\u00f3 aduciendo que \u201cen la figura de Morales se representa lo que para nosotros es el federalismo\u2026 Gerardo representa federalismo, convicci\u00f3n, car\u00e1cter y una agenda progresista, no es casualidad que en su discurso uno de los ejes fundamentales que tom\u00f3 es c\u00f3mo el pa\u00eds tiene que liderar y trabajar el tema del cambio clim\u00e1tico\u201d.<\/p>\n<p>Seguidamente afirm\u00f3 Cabret\u00f3n que \u201cen Morales est\u00e1 el liderazgo contundente y se muestra en el acompa\u00f1amiento que hubo en el acto del Gran Rex, no solo por la cantidad de gente sino por la m\u00edstica que hab\u00eda: estaban los gobernadores radicales, Mario Negri, Mart\u00edn Lousteau, Lilita Carrio, Rodrigo De Loredo, Gustavo V\u00e1ldez, Alfredo Cornejo, intendentes de la provincia de Buenos Aires\u2026 estaban Gustavo Posse y Mart\u00edn Tetaz, y esto no es menor, ya que son dos pre candidatos para la Provincia de Buenos Aires\u201d.<\/p>\n<p>Por consiguiente, \u201cese acto demostr\u00f3 con contundencia el liderazgo de Morales dentro del radicalismo para conducir este proceso, ya que todas estas figuras que nombr\u00e9 son dirigentes del partido que se han manifestado en favor de su candidatura, as\u00ed como el acompa\u00f1amiento de 18 comit\u00e9s nacionales\u201d, esgrimi\u00f3, para aportar que la experiencia de gobierno del mandam\u00e1s de Jujuy es clave: \u201cEs un plus para Morales por las dificultades que tuvo que transitar para poner en marcha y dar vuelta Jujuy. Lo de Milagro Sala por ejemplo\u2026 son decisiones pol\u00edticas que muestran el car\u00e1cter y la decisi\u00f3n de tener presa la corrupci\u00f3n\u201d.<\/p>\n<p><a href=\"https:\/\/primicias2262.com\/wp-content\/uploads\/2023\/03\/Morales-precandidato.jpeg\"><img loading=\"lazy\" decoding=\"async\" class=\"aligncenter size-large wp-image-98574\" src=\"https:\/\/primicias2262.com\/wp-content\/uploads\/2023\/03\/Morales-precandidato-1024x896.jpeg\" alt=\"\" width=\"696\" height=\"609\" \/><\/a>Tanto por Morales como por otras personalidades ilustres que han ido emergiendo, Cabret\u00f3n opin\u00f3 que \u201choy el radicalismo tiene otra impronta dentro de la coalici\u00f3n de Juntos, no es como en 2015, sino que es otra situaci\u00f3n, el radicalismo ha venido creciendo, se ha fortalecido y\u00a0 prueba de ello son los nuevos liderazgos que han surgido para competir dentro de la alianza\u201d, y reafirm\u00f3 que \u201cahora venimos insistiendo en la necesidad de que el radicalismo, tanto en la Naci\u00f3n como en Provincia, llegue con un \u00fanico candidato para disputar en las PASO, es decir, \u00a0llamar a internas partidarias antes de llegar a las PASO. Que el candidato sea uno y que tenga la fortaleza para enfrentar al PRO en la alianza\u201d.<\/p>\n<p><strong>No obstante, en el orden local lo que no hay en el radicalismo es eso justamente, orden \u2026 y a ello se refiri\u00f3 Cabret\u00f3n en una segunda parte de la nota realizada por el periodista Jorge G\u00f3mez que se compartir\u00e1 este mi\u00e9rcoles.<\/strong><\/p>\n","protected":false},"excerpt":{"rendered":"<p>As\u00ed lo afirm\u00f3 en \u201cVoces de la Ciudad\u201d Felicitas Cabret\u00f3n, quien estuvo presente en el lanzamiento de la precandidatura a presidente del dirigente radical Gerardo Morales, de quien asegur\u00f3 que representa federalismo, car\u00e1cter y agenda progresista. Durante una nota realizada por el periodista Jorge G\u00f3mez, la edil de la UCR local e integrante de la [&hellip;]<\/p>\n","protected":false},"author":3,"featured_media":98573,"comment_status":"closed","ping_status":"closed","sticky":false,"template":"","format":"standard","meta":{"footnotes":""},"categories":[3],"tags":[],"class_list":["post-98567","post","type-post","status-publish","format-standard","has-post-thumbnail","category-masnoticias"],"_links":{"self":[{"href":"https:\/\/primicias2262.com\/noticias\/wp-json\/wp\/v2\/posts\/98567","targetHints":{"allow":["GET"]}}],"collection":[{"href":"https:\/\/primicias2262.com\/noticias\/wp-json\/wp\/v2\/posts"}],"about":[{"href":"https:\/\/primicias2262.com\/noticias\/wp-json\/wp\/v2\/types\/post"}],"author":[{"embeddable":true,"href":"https:\/\/primicias2262.com\/noticias\/wp-json\/wp\/v2\/users\/3"}],"replies":[{"embeddable":true,"href":"https:\/\/primicias2262.com\/noticias\/wp-json\/wp\/v2\/comments?post=98567"}],"version-history":[{"count":0,"href":"https:\/\/primicias2262.com\/noticias\/wp-json\/wp\/v2\/posts\/98567\/revisions"}],"wp:attachment":[{"href":"https:\/\/primicias2262.com\/noticias\/wp-json\/wp\/v2\/media?parent=98567"}],"wp:term":[{"taxonomy":"category","embeddable":true,"href":"https:\/\/primicias2262.com\/noticias\/wp-json\/wp\/v2\/categories?post=98567"},{"taxonomy":"post_tag","embeddable":true,"href":"https:\/\/primicias2262.com\/noticias\/wp-json\/wp\/v2\/tags?post=98567"}],"curies":[{"name":"wp","href":"https:\/\/api.w.org\/{rel}","templated":true}]}}