{"id":98591,"date":"2023-03-22T13:27:39","date_gmt":"2023-03-22T16:27:39","guid":{"rendered":"https:\/\/primicias2262.com\/?p=98591"},"modified":"2023-03-22T13:27:39","modified_gmt":"2023-03-22T16:27:39","slug":"la-de-juntos-sera-una-formula-fuerte-a-nivel-local-y-debo-ser-honesto-el-que-mas-mida-que-la-encabece","status":"publish","type":"post","link":"https:\/\/primicias2262.com\/noticias\/la-de-juntos-sera-una-formula-fuerte-a-nivel-local-y-debo-ser-honesto-el-que-mas-mida-que-la-encabece\/","title":{"rendered":"\u201cLa de Juntos ser\u00e1 una f\u00f3rmula fuerte a nivel local y debo ser honesto: el que m\u00e1s mida que la encabece\u201d"},"content":{"rendered":"<p><strong>As\u00ed lo afirm\u00f3 el precandidato a Intendente de Necochea por el PRO, Mart\u00edn Migueles, quien en di\u00e1logo con el periodista Jorge G\u00f3mez en \u201cVoces de la Ciudad\u201d dijo sentirse con la fortaleza necesaria como para ser el candidato que m\u00e1s mida en la amplia coalici\u00f3n opositora.<\/strong><\/p>\n<p>Ante la pregunta de c\u00f3mo viene la precandidatura, Migueles respondi\u00f3 que \u201cla idea es que nos juntemos la mayor cantidad de sectores del PRO en primer lugar y tambi\u00e9n es importante el di\u00e1logo permanente con el radicalismo\u2026 creo que debemos integrarnos antes de la interna y lograr una f\u00f3rmula consensuada donde nos sumemos todos los espacios\u201d.<\/p>\n<p>Seguidamente, afirm\u00f3 que \u201cva a ser una f\u00f3rmula fuerte a nivel local y en esto quiero ser honesto: el que m\u00e1s mida que la encabece\u2026 hay que tener la humildad de saber que si otro mide m\u00e1s que uno que la encabece ese otro, pero yo siento que estoy bien, que soy una persona con fortaleza para transitar momentos duros de la ciudad y s\u00e9 que voy a estar bien apoyado por el gobierno provincial, porque seguramente Diego Santilli va a ser gobernador\u201d.<\/p>\n<p>Con esa misma convicci\u00f3n, el exconcejal y expresidente de la Usina Popular Cooperativa expres\u00f3 que \u201cme propuse hacer una campa\u00f1a constructiva, es decir, decirle a la sociedad sin echar culpas ni denostar a nadie, qu\u00e9 es lo que tenemos que hacer y c\u00f3mo en temas que no est\u00e1n resueltos en Necochea y Quequ\u00e9n, como por ejemplo, la planta de tratamiento de efluentes cloacales o la erosi\u00f3n costera de Quequ\u00e9n\u201d.<\/p>\n<p>\u201cEl espacio m\u00edo est\u00e1 abierto y me gustar\u00eda que nos sumemos en base a temas, porque es fundamental que empecemos a resolver temas\u201d, concluy\u00f3 Migueles.<\/p>\n","protected":false},"excerpt":{"rendered":"<p>As\u00ed lo afirm\u00f3 el precandidato a Intendente de Necochea por el PRO, Mart\u00edn Migueles, quien en di\u00e1logo con el periodista Jorge G\u00f3mez en \u201cVoces de la Ciudad\u201d dijo sentirse con la fortaleza necesaria como para ser el candidato que m\u00e1s mida en la amplia coalici\u00f3n opositora. Ante la pregunta de c\u00f3mo viene la precandidatura, Migueles [&hellip;]<\/p>\n","protected":false},"author":3,"featured_media":97383,"comment_status":"closed","ping_status":"closed","sticky":false,"template":"","format":"standard","meta":{"footnotes":""},"categories":[3],"tags":[],"class_list":["post-98591","post","type-post","status-publish","format-standard","has-post-thumbnail","category-masnoticias"],"_links":{"self":[{"href":"https:\/\/primicias2262.com\/noticias\/wp-json\/wp\/v2\/posts\/98591","targetHints":{"allow":["GET"]}}],"collection":[{"href":"https:\/\/primicias2262.com\/noticias\/wp-json\/wp\/v2\/posts"}],"about":[{"href":"https:\/\/primicias2262.com\/noticias\/wp-json\/wp\/v2\/types\/post"}],"author":[{"embeddable":true,"href":"https:\/\/primicias2262.com\/noticias\/wp-json\/wp\/v2\/users\/3"}],"replies":[{"embeddable":true,"href":"https:\/\/primicias2262.com\/noticias\/wp-json\/wp\/v2\/comments?post=98591"}],"version-history":[{"count":0,"href":"https:\/\/primicias2262.com\/noticias\/wp-json\/wp\/v2\/posts\/98591\/revisions"}],"wp:attachment":[{"href":"https:\/\/primicias2262.com\/noticias\/wp-json\/wp\/v2\/media?parent=98591"}],"wp:term":[{"taxonomy":"category","embeddable":true,"href":"https:\/\/primicias2262.com\/noticias\/wp-json\/wp\/v2\/categories?post=98591"},{"taxonomy":"post_tag","embeddable":true,"href":"https:\/\/primicias2262.com\/noticias\/wp-json\/wp\/v2\/tags?post=98591"}],"curies":[{"name":"wp","href":"https:\/\/api.w.org\/{rel}","templated":true}]}}