{"id":98592,"date":"2023-03-22T13:26:43","date_gmt":"2023-03-22T16:26:43","guid":{"rendered":"https:\/\/primicias2262.com\/?p=98592"},"modified":"2023-03-22T13:26:43","modified_gmt":"2023-03-22T16:26:43","slug":"el-necochense-mauro-cabrera-cabrera-brindo-una-capacitacion-atletica-en-mar-del-plata","status":"publish","type":"post","link":"https:\/\/primicias2262.com\/noticias\/el-necochense-mauro-cabrera-cabrera-brindo-una-capacitacion-atletica-en-mar-del-plata\/","title":{"rendered":"El necochense Mauro Cabrera Cabrera brind\u00f3 una capacitaci\u00f3n atl\u00e9tica en Mar del Plata"},"content":{"rendered":"<p><strong>El fin de semana anterior, en ocasi\u00f3n del D\u00eda del Deportista Marplatense, el oriundo de Necochea y coordinador de la Escuela Municipal de Atletismo, brind\u00f3 una charla destinada a profesores, estudiantes y p\u00fablico en general.<\/strong><\/p>\n<p>La capacitaci\u00f3n se desarroll\u00f3 en el emblem\u00e1tico estadio de atletismo \u201cJusto Rom\u00e1n\u201d, se trat\u00f3 sobre Iniciaci\u00f3n al Atletismo y cont\u00f3 con la presencia de los referentes de cada \u00e1rea del pa\u00eds, entre los cuales se destac\u00f3 la presencia del necochense Mauro Cabrera, responsable de la Escuela Municipal, quien estuvo acompa\u00f1ado por sus colegas Leonardo Malgor, Sergio Alfonsini, Federico Acha, Daniel L\u00f3pez y Pablo Sueta.<\/p>\n<p>Organizada por el Emder, y de car\u00e1cter gratuita, la capacitaci\u00f3n estuvo dirigida a profesores, futuros docentes y p\u00fablico en general, y cont\u00f3 con un alto nivel de contenido expuesto por los disertantes. En el caso del profesor Cabrera, llev\u00f3 adelante la din\u00e1mica sobre la carrera y su t\u00e9cnica y la carrera de velocidad en la formaci\u00f3n de un ni\u00f1o, ni\u00f1a, joven y adolescente, desde su iniciaci\u00f3n al desarrollo.<\/p>\n\n","protected":false},"excerpt":{"rendered":"<p>El fin de semana anterior, en ocasi\u00f3n del D\u00eda del Deportista Marplatense, el oriundo de Necochea y coordinador de la Escuela Municipal de Atletismo, brind\u00f3 una charla destinada a profesores, estudiantes y p\u00fablico en general. La capacitaci\u00f3n se desarroll\u00f3 en el emblem\u00e1tico estadio de atletismo \u201cJusto Rom\u00e1n\u201d, se trat\u00f3 sobre Iniciaci\u00f3n al Atletismo y cont\u00f3 [&hellip;]<\/p>\n","protected":false},"author":3,"featured_media":98595,"comment_status":"closed","ping_status":"closed","sticky":false,"template":"","format":"standard","meta":{"footnotes":""},"categories":[3],"tags":[],"class_list":["post-98592","post","type-post","status-publish","format-standard","has-post-thumbnail","category-masnoticias"],"_links":{"self":[{"href":"https:\/\/primicias2262.com\/noticias\/wp-json\/wp\/v2\/posts\/98592","targetHints":{"allow":["GET"]}}],"collection":[{"href":"https:\/\/primicias2262.com\/noticias\/wp-json\/wp\/v2\/posts"}],"about":[{"href":"https:\/\/primicias2262.com\/noticias\/wp-json\/wp\/v2\/types\/post"}],"author":[{"embeddable":true,"href":"https:\/\/primicias2262.com\/noticias\/wp-json\/wp\/v2\/users\/3"}],"replies":[{"embeddable":true,"href":"https:\/\/primicias2262.com\/noticias\/wp-json\/wp\/v2\/comments?post=98592"}],"version-history":[{"count":0,"href":"https:\/\/primicias2262.com\/noticias\/wp-json\/wp\/v2\/posts\/98592\/revisions"}],"wp:attachment":[{"href":"https:\/\/primicias2262.com\/noticias\/wp-json\/wp\/v2\/media?parent=98592"}],"wp:term":[{"taxonomy":"category","embeddable":true,"href":"https:\/\/primicias2262.com\/noticias\/wp-json\/wp\/v2\/categories?post=98592"},{"taxonomy":"post_tag","embeddable":true,"href":"https:\/\/primicias2262.com\/noticias\/wp-json\/wp\/v2\/tags?post=98592"}],"curies":[{"name":"wp","href":"https:\/\/api.w.org\/{rel}","templated":true}]}}