{"id":98599,"date":"2023-03-22T13:39:33","date_gmt":"2023-03-22T16:39:33","guid":{"rendered":"https:\/\/primicias2262.com\/?p=98599"},"modified":"2023-03-22T13:39:33","modified_gmt":"2023-03-22T16:39:33","slug":"cabreton-insistio-en-que-sera-dificil-que-el-radicalismo-local-confluya-en-un-unico-candidato-para-las-paso","status":"publish","type":"post","link":"https:\/\/primicias2262.com\/noticias\/cabreton-insistio-en-que-sera-dificil-que-el-radicalismo-local-confluya-en-un-unico-candidato-para-las-paso\/","title":{"rendered":"Cabret\u00f3n insisti\u00f3 en que ser\u00e1 dif\u00edcil que el radicalismo local confluya en un \u00fanico candidato para las PASO"},"content":{"rendered":"<p><strong>La concejal de la Uni\u00f3n C\u00edvica Radical y referente de la agrupaci\u00f3n de Mujeres \u201cElvira Rawson\u201d, Felicitas Cabret\u00f3n, volvi\u00f3 a instalar una cierta incertidumbre sobre la reorganizaci\u00f3n del hist\u00f3rico partido en Necochea de cara a las elecciones Primarias, Abiertas, Simult\u00e1neas y Obligatorias de agosto.<\/strong><\/p>\n<p>En los estudios de \u201cVoces de la Ciudad\u201d, consultada por el periodista Jorge G\u00f3mez acerca de la realidad local de la UCR, Cabret\u00f3n mencion\u00f3 que \u201cCarola Bertoldi y Gonzalo Diez pertenecen a otro espacio pol\u00edtico que no compartimos y nosotros (la Elvira Rawson) venimos trabajando desde el a\u00f1o pasado para tener una perspectiva y un proyecto pol\u00edtico de ciudad que intente ser colectivo y que cada uno se pueda sentir representado de alguna manera\u201d.<\/p>\n<p>En ese sentido, es que revel\u00f3 que \u201cnosotros tambi\u00e9n hemos pensado en candidaturas, las tenemos pensadas pero todav\u00eda no es el momento de decir el nombre porque reci\u00e9n hemos empezado algunas conversaciones con los diferentes espacios que conforman el Comit\u00e9 Emiliano Ab\u00e1solo\u201d.<\/p>\n<p>Opin\u00f3 en ese sentido que \u201cas\u00ed como en el orden nacional y provincial es necesario llegar a las PASO con un \u00fanico candidato, lo mismo debe suceder ac\u00e1 para el candidato a intendente por el radicalismo, con la fortaleza suficiente para enfrentar al PRO en las PASO\u2026 pero en el orden local se ve bastante dif\u00edcil confluir en eso\u201d.<\/p>\n<p>Por ende, asegur\u00f3 la actual concejal que \u201cqueremos al menos este mes y a principios del mes que viene tomarnos el trabajo de hacer el \u00faltimo esfuerzo para ver c\u00f3mo podemos aportar y trabajar desde ese lugar, y sino habr\u00e1 que ver c\u00f3mo se resuelve, y una de las instancias ser\u00edan directamente las PASO\u201d.<\/p>\n<p>No obstante, no dej\u00f3 de reconocer que \u201cel radicalismo local transita una etapa en que no hay un liderazgo claro, ni un candidato que surja naturalmente por un trabajo previo, como se consagr\u00f3 Daniel Molina por ejemplo\u2026 entonces es necesario tomar lo de Molina como antecedente y ver de qu\u00e9 manera se puede empezar a construir ese liderazgo, porque se est\u00e1 perdiendo un tiempo muy valioso en esto\u201d.<\/p>\n<p>Agreg\u00f3 a ello que \u201chan sido a\u00f1os muy conflictivos dentro del partido, donde no se ha puesto por encima el trabajar un proyecto serio de ciudad y un proyecto colectivo en el que la gente nos vuelva a identificar y vernos como posibles gobernantes de la ciudad\u201d.<\/p>\n<p>Por ello, concluy\u00f3 Felicitas que \u201cel radicalismo de Necochea necesitar dar vuelta la p\u00e1gina y retomar con nuevos liderazgos que contengan y que realmente llamen al di\u00e1logo. No hay en el orden local una unificaci\u00f3n que le permita al radicalismo ponerse atr\u00e1s de un candidato, pero hay que seguir insistiendo por lo que no se ha logrado en los \u00faltimos a\u00f1os\u201d.<\/p>\n","protected":false},"excerpt":{"rendered":"<p>La concejal de la Uni\u00f3n C\u00edvica Radical y referente de la agrupaci\u00f3n de Mujeres \u201cElvira Rawson\u201d, Felicitas Cabret\u00f3n, volvi\u00f3 a instalar una cierta incertidumbre sobre la reorganizaci\u00f3n del hist\u00f3rico partido en Necochea de cara a las elecciones Primarias, Abiertas, Simult\u00e1neas y Obligatorias de agosto. En los estudios de \u201cVoces de la Ciudad\u201d, consultada por el [&hellip;]<\/p>\n","protected":false},"author":3,"featured_media":97982,"comment_status":"closed","ping_status":"closed","sticky":false,"template":"","format":"standard","meta":{"footnotes":""},"categories":[3],"tags":[],"class_list":["post-98599","post","type-post","status-publish","format-standard","has-post-thumbnail","category-masnoticias"],"_links":{"self":[{"href":"https:\/\/primicias2262.com\/noticias\/wp-json\/wp\/v2\/posts\/98599","targetHints":{"allow":["GET"]}}],"collection":[{"href":"https:\/\/primicias2262.com\/noticias\/wp-json\/wp\/v2\/posts"}],"about":[{"href":"https:\/\/primicias2262.com\/noticias\/wp-json\/wp\/v2\/types\/post"}],"author":[{"embeddable":true,"href":"https:\/\/primicias2262.com\/noticias\/wp-json\/wp\/v2\/users\/3"}],"replies":[{"embeddable":true,"href":"https:\/\/primicias2262.com\/noticias\/wp-json\/wp\/v2\/comments?post=98599"}],"version-history":[{"count":0,"href":"https:\/\/primicias2262.com\/noticias\/wp-json\/wp\/v2\/posts\/98599\/revisions"}],"wp:attachment":[{"href":"https:\/\/primicias2262.com\/noticias\/wp-json\/wp\/v2\/media?parent=98599"}],"wp:term":[{"taxonomy":"category","embeddable":true,"href":"https:\/\/primicias2262.com\/noticias\/wp-json\/wp\/v2\/categories?post=98599"},{"taxonomy":"post_tag","embeddable":true,"href":"https:\/\/primicias2262.com\/noticias\/wp-json\/wp\/v2\/tags?post=98599"}],"curies":[{"name":"wp","href":"https:\/\/api.w.org\/{rel}","templated":true}]}}