{"id":98601,"date":"2023-03-22T14:03:06","date_gmt":"2023-03-22T17:03:06","guid":{"rendered":"https:\/\/primicias2262.com\/?p=98601"},"modified":"2023-03-22T14:03:06","modified_gmt":"2023-03-22T17:03:06","slug":"este-viernes-se-presenta-el-libro-los-chicos-de-la-escuela-40-de-maria-rita-gil","status":"publish","type":"post","link":"https:\/\/primicias2262.com\/noticias\/este-viernes-se-presenta-el-libro-los-chicos-de-la-escuela-40-de-maria-rita-gil\/","title":{"rendered":"Este viernes se presenta el libro \u201cLos chicos de la Escuela 40\u201d, de Mar\u00eda Rita Gil"},"content":{"rendered":"<p><strong>La autora de 72 a\u00f1os presenta su obra basada en un reencuentro luego de m\u00e1s de tres d\u00e9cadas con alumnos que tuvo en 1980 en el establecimiento primario de Quequ\u00e9n, y con quienes hoy mantiene proyectos en com\u00fan.<\/strong><\/p>\n<p>Las particularidades de \u201cLos chicos de la Escuela 40\u201d, Mar\u00eda Rita Gil las cont\u00f3 en los estudios de \u201cVoces de la Ciudad\u201d, durante una nota realizada por el periodista Jorge G\u00f3mez, en la que la exdocente anunci\u00f3 que la presentaci\u00f3n del libro ser\u00e1 \u00a0este viernes 24 en Che Borges, 61 entre 56 y 58.<\/p>\n<p>En la obra, Mar\u00eda Rita Gil refleja \u201cla historia de un maravilloso grupo de personas que fueron mis alumnos de 6to grado, egresados en el a\u00f1o 1980 de la Escuela N\u00ba 40 de Quequ\u00e9n, que con sus acciones han justificado todos los desvelos que simboliza la profesi\u00f3n docente\u201d.<\/p>\n<p>Con emoci\u00f3n, la autora valor\u00f3 el hecho de \u201creencontrarnos despu\u00e9s de 37 a\u00f1os y comenzar un v\u00ednculo grupal, lo cual fue todo un desaf\u00edo que hoy puedo referir como felizmente logrado\u201d.<\/p>\n<p><a href=\"https:\/\/primicias2262.com\/wp-content\/uploads\/2023\/03\/presentacion-libro-rita-gil.jpeg\"><img loading=\"lazy\" decoding=\"async\" class=\"alignleft size-medium wp-image-98602\" src=\"https:\/\/primicias2262.com\/wp-content\/uploads\/2023\/03\/presentacion-libro-rita-gil-240x300.jpeg\" alt=\"\" width=\"240\" height=\"300\" \/><\/a>Tras ello, puntualiz\u00f3 que \u201cen mi carrera docente, que fueron m\u00e1s de 30 a\u00f1os, tuve much\u00edsimos grupos, pero este grupo me sorprendi\u00f3 en 2017 con un simple llamado telef\u00f3nico. \u201c\u00bfSe\u00f1o la podemos visitar?\u201d y aparecieron en mi casa, invit\u00e1ndome a un reencuentro. Pens\u00e9 que ser\u00eda un reencuentro m\u00e1s como con otras generaciones\u201d, pero dio a entender que este fue muy especial.<\/p>\n<p>\u201cNos encontramos en la escuela todos, algunos se hab\u00edan puesto guardapolvo, surg\u00edan an\u00e9cdotas y estaba el desaf\u00edo de reconocernos, porque yo hab\u00eda quedado flasheada con su \u00faltima imagen de 7mo grado, y ahora los ve\u00eda casi con 50 a\u00f1os ellos, y todo surgi\u00f3 con magia y felicidad en el Club Defensores\u201d, relat\u00f3.<\/p>\n<p>Seguidamente cont\u00f3 que \u201cyo pens\u00e9 que todo quedaba ah\u00ed, pero no\u2026 y ac\u00e1 viene el motivo del libro: la cuesti\u00f3n no termin\u00f3 ah\u00ed, formamos un grupo al que se incorporaron las familias y luego las acciones. Las primeras fueron colaborar con las preparaciones de la escuela que estaba pr\u00f3xima al centenario, los festejos y la preparaci\u00f3n; despu\u00e9s surgi\u00f3 que a una vecina se le quem\u00f3 la casa y hab\u00eda que ayudar\u2026 y as\u00ed nos reun\u00edamos, con motivos solidarios\u2026 y gastron\u00f3micos\u201d, agreg\u00f3 entre risas.<\/p>\n<p>Lo cierto es que a partir del reencuentro comenz\u00f3 una hilera de acontecimientos que dur\u00f3 y est\u00e1 durando, \u201cporque es un ser siendo que es ahora, y entend\u00ed que ten\u00eda que escribir esto\u201d, se\u00f1al\u00f3, para agregar que \u201ctodo comenz\u00f3 en 1980, a\u00f1o emblem\u00e1tico porque sufrimos las inundaciones y la ca\u00edda del Puente Ezcurra, y todo eso est\u00e1 en el libro, que de hecho, empieza con mi visita y la llegada a la escuela despu\u00e9s de 37 a\u00f1os\u201d.<\/p>\n<p>\u201cEstuve un solo a\u00f1o en la escuela, y fue suficiente. Ahora estamos todos los d\u00edas hablando en el WhatsApp, es gente buena que hace cosas buenas y por eso quise dejarlo escrito. Son alrededor de 80 hojas, es un relato testimonial escrito en primera persona\u201d, complet\u00f3 Mar\u00eda Rita, para concluir que \u201cellos ya no son chicos, pero para m\u00ed lo siguen siendo de por vida\u201d.<\/p>\n","protected":false},"excerpt":{"rendered":"<p>La autora de 72 a\u00f1os presenta su obra basada en un reencuentro luego de m\u00e1s de tres d\u00e9cadas con alumnos que tuvo en 1980 en el establecimiento primario de Quequ\u00e9n, y con quienes hoy mantiene proyectos en com\u00fan. Las particularidades de \u201cLos chicos de la Escuela 40\u201d, Mar\u00eda Rita Gil las cont\u00f3 en los estudios [&hellip;]<\/p>\n","protected":false},"author":3,"featured_media":98606,"comment_status":"closed","ping_status":"closed","sticky":false,"template":"","format":"standard","meta":{"footnotes":""},"categories":[3],"tags":[],"class_list":["post-98601","post","type-post","status-publish","format-standard","has-post-thumbnail","category-masnoticias"],"_links":{"self":[{"href":"https:\/\/primicias2262.com\/noticias\/wp-json\/wp\/v2\/posts\/98601","targetHints":{"allow":["GET"]}}],"collection":[{"href":"https:\/\/primicias2262.com\/noticias\/wp-json\/wp\/v2\/posts"}],"about":[{"href":"https:\/\/primicias2262.com\/noticias\/wp-json\/wp\/v2\/types\/post"}],"author":[{"embeddable":true,"href":"https:\/\/primicias2262.com\/noticias\/wp-json\/wp\/v2\/users\/3"}],"replies":[{"embeddable":true,"href":"https:\/\/primicias2262.com\/noticias\/wp-json\/wp\/v2\/comments?post=98601"}],"version-history":[{"count":0,"href":"https:\/\/primicias2262.com\/noticias\/wp-json\/wp\/v2\/posts\/98601\/revisions"}],"wp:attachment":[{"href":"https:\/\/primicias2262.com\/noticias\/wp-json\/wp\/v2\/media?parent=98601"}],"wp:term":[{"taxonomy":"category","embeddable":true,"href":"https:\/\/primicias2262.com\/noticias\/wp-json\/wp\/v2\/categories?post=98601"},{"taxonomy":"post_tag","embeddable":true,"href":"https:\/\/primicias2262.com\/noticias\/wp-json\/wp\/v2\/tags?post=98601"}],"curies":[{"name":"wp","href":"https:\/\/api.w.org\/{rel}","templated":true}]}}