{"id":98623,"date":"2023-03-24T11:25:23","date_gmt":"2023-03-24T14:25:23","guid":{"rendered":"https:\/\/primicias2262.com\/?p=98623"},"modified":"2023-03-24T11:25:23","modified_gmt":"2023-03-24T14:25:23","slug":"sierra-aseguro-que-fue-un-verano-con-buenos-numeros-y-ya-apunta-a-la-temporada-baja","status":"publish","type":"post","link":"https:\/\/primicias2262.com\/noticias\/sierra-aseguro-que-fue-un-verano-con-buenos-numeros-y-ya-apunta-a-la-temporada-baja\/","title":{"rendered":"Sierra asegur\u00f3 que fue un verano con buenos n\u00fameros y ya apunta a la temporada baja"},"content":{"rendered":"<p><strong>El secretario municipal de Turismo y Desarrollo Productivo, Mat\u00edas Sierra, visit\u00f3 el estudio de \u201cVoces de la Ciudad\u201d y en di\u00e1logo con el periodista Jorge G\u00f3mez reflej\u00f3 que la temporada alta dej\u00f3 n\u00fameros superiores a la de 2022, aunque con un consumo algo m\u00e1s reducido.<\/strong><\/p>\n<p>\u201cFue una temporada m\u00e1s que buena, terminamos con n\u00fameros que superaron la temporada 2022, casi siete puntos arriba en la general de diciembre, enero y febrero. Hicimos un balance con la C\u00e1mara Hotelera y hay como una alegr\u00eda generalizada y moderada por c\u00f3mo se dio todo\u201d, resalt\u00f3 primeramente el funcionario, aunque acto seguido puntualiz\u00f3 que \u201cen el consumo por ah\u00ed no se ha dado lo que se esperaba, lo habl\u00e1bamos con Mariano Gonz\u00e1lez de la C\u00e1mara Comercial, es decir, mucha gente pero no con un fuerte consumo\u201d.<\/p>\n<p>En cuanto al corto plazo, Sierra repas\u00f3 que est\u00e1n preparando actividades en la plaza para Semana Santa y no soslay\u00f3 el hecho de que su Secretar\u00eda engloba variadas reparticiones, por ejemplo Deportes y Cultura. Respecto a estas dos \u00e1reas, revel\u00f3 que \u201cpara mediados de abril esperamos que se inauguren la pista de atletismo y las nuevas oficinas de Cultura en 62 y 45 en el Centro Cultural Municipal \u201cDomingo J. Taraborelli\u201d. Se est\u00e1n terminando los \u00faltimos detalles y es una alegr\u00eda muy grande, durante muchos a\u00f1os se esperaban ambas cosas\u201d.<\/p>\n<p>Y ya pensando en la temporada baja, pos Semana Santa Sierra anticip\u00f3 que \u201cya tenemos programados eventos para el primer semestre y varios confirmados para el segundo semestre. Por ejemplo para el primero ya est\u00e1 el expediente de la carrera de motos de \u201cArena Series\u201d que se va a estar desarrollando en Costa Bonita para el \u00faltimo fin de semana de abril, la idea es hacer dos fechas en Necochea que queden instaladas, y la otra ser\u00eda a fines de septiembre\u201d.<\/p>\n<p>Adem\u00e1s, ese mismo fin de semana de abril \u201clos chicos de Cardinal Sur tienen una movida muy interesante que es una salida familiar de unas 900 camionetas camino a M\u00e9dano Blanco, una linda iniciativa que tambi\u00e9n beneficia al turismo porque hay gente que ya est\u00e1 reservando hoteles y caba\u00f1as\u201d.<\/p>\n<p>Finalmente, en relaci\u00f3n con expresiones que ha vertido anteriormente, el secretario reafirm\u00f3 que \u201csiempre recalco que hay que apoyarse en el privado para generar m\u00e1s servicios, y hay mucha gente emprendedora, as\u00ed que vamos a seguir apostando a eso este a\u00f1o, y vamos a seguir entregando subsidios a distintos emprendedores que cumplan con ciertos requisitos, ya hay una partida presupuestaria para eso\u201d.<\/p>\n","protected":false},"excerpt":{"rendered":"<p>El secretario municipal de Turismo y Desarrollo Productivo, Mat\u00edas Sierra, visit\u00f3 el estudio de \u201cVoces de la Ciudad\u201d y en di\u00e1logo con el periodista Jorge G\u00f3mez reflej\u00f3 que la temporada alta dej\u00f3 n\u00fameros superiores a la de 2022, aunque con un consumo algo m\u00e1s reducido. \u201cFue una temporada m\u00e1s que buena, terminamos con n\u00fameros que [&hellip;]<\/p>\n","protected":false},"author":3,"featured_media":98629,"comment_status":"closed","ping_status":"closed","sticky":false,"template":"","format":"standard","meta":{"footnotes":""},"categories":[3],"tags":[],"class_list":["post-98623","post","type-post","status-publish","format-standard","has-post-thumbnail","category-masnoticias"],"_links":{"self":[{"href":"https:\/\/primicias2262.com\/noticias\/wp-json\/wp\/v2\/posts\/98623","targetHints":{"allow":["GET"]}}],"collection":[{"href":"https:\/\/primicias2262.com\/noticias\/wp-json\/wp\/v2\/posts"}],"about":[{"href":"https:\/\/primicias2262.com\/noticias\/wp-json\/wp\/v2\/types\/post"}],"author":[{"embeddable":true,"href":"https:\/\/primicias2262.com\/noticias\/wp-json\/wp\/v2\/users\/3"}],"replies":[{"embeddable":true,"href":"https:\/\/primicias2262.com\/noticias\/wp-json\/wp\/v2\/comments?post=98623"}],"version-history":[{"count":0,"href":"https:\/\/primicias2262.com\/noticias\/wp-json\/wp\/v2\/posts\/98623\/revisions"}],"wp:attachment":[{"href":"https:\/\/primicias2262.com\/noticias\/wp-json\/wp\/v2\/media?parent=98623"}],"wp:term":[{"taxonomy":"category","embeddable":true,"href":"https:\/\/primicias2262.com\/noticias\/wp-json\/wp\/v2\/categories?post=98623"},{"taxonomy":"post_tag","embeddable":true,"href":"https:\/\/primicias2262.com\/noticias\/wp-json\/wp\/v2\/tags?post=98623"}],"curies":[{"name":"wp","href":"https:\/\/api.w.org\/{rel}","templated":true}]}}