{"id":98625,"date":"2023-03-23T12:06:19","date_gmt":"2023-03-23T15:06:19","guid":{"rendered":"https:\/\/primicias2262.com\/?p=98625"},"modified":"2023-03-23T12:06:19","modified_gmt":"2023-03-23T15:06:19","slug":"a-tres-anos-del-encierro-masivo-ruth-kalle-hablo-sobre-aprendizajes-y-ganancias-en-el-sistema-de-salud","status":"publish","type":"post","link":"https:\/\/primicias2262.com\/noticias\/a-tres-anos-del-encierro-masivo-ruth-kalle-hablo-sobre-aprendizajes-y-ganancias-en-el-sistema-de-salud\/","title":{"rendered":"A tres a\u00f1os del encierro masivo Ruth Kalle habl\u00f3 sobre aprendizajes y ganancias en el sistema de salud"},"content":{"rendered":"<p><strong>La concejal, otrora secretaria de Salud cuando se desat\u00f3 la pandemia de coronavirus en marzo de 2020, pas\u00f3 por los estudios de \u201cVoces de la Ciudad\u201d y rememor\u00f3 an\u00e9cdotas y decisiones de una gesti\u00f3n que reci\u00e9n iniciaba y se le planteaba un escenario hasta ah\u00ed desconocido.<\/strong><\/p>\n<p>En la nota realizada por el periodista Jorge G\u00f3mez, la actual edil de Nueva Necochea, Ruth Kalle, manifest\u00f3 que \u201csiempre recordamos an\u00e9cdotas, es imposible no hablar de la pandemia, fue una etapa de tomar decisiones, ir a buscar soluciones a cualquier hora y momento, y por otro lado el aprendizaje para todos de algo que mundialmente se desconoc\u00eda\u201d.<\/p>\n<p>La Licenciada rememor\u00f3 que en el municipio \u201cera una reuni\u00f3n permanente del Gabinete porque hab\u00eda que tomar decisiones todo el tiempo, en funciones de lo que nos bajaba el Ministerio de Salud de Provincia, el de Naci\u00f3n y de lo que la OMS (Organizaci\u00f3n Mundial de la Salud) recomendaba\u201d, y destac\u00f3 que \u201cnosotros lo que hicimos siempre fue mirar la foto de Europa, que los casos hab\u00edan empezado antes y ellos hab\u00edan empezado a tomar decisiones\u2026 algunas acertadas y otras desacertadas, pero hab\u00eda que tomarlas\u201d.<\/p>\n<p>En ese aspecto puntualiz\u00f3 que \u201cmiramos mucho el caso de Italia, que ten\u00eda una situaci\u00f3n muy parecida a nosotros, con pacientes que se mor\u00edan en las calles, pero nosotros no quer\u00edamos que nos pase eso\u201d, y acot\u00f3 que \u201cera muy dif\u00edcil dimensionar hasta d\u00f3nde iban a llegar los casos y los contagios, entonces se tom\u00f3 la decisi\u00f3n de cerrar la ciudad y la escolaridad, que a mi criterio, hoy creo que el tiempo que los chicos perdieron sin clases presenciales fue mucho\u201d.<\/p>\n<p>De todas formas, Kalle record\u00f3 cuando la pandemia comenz\u00f3 a extenderse a nivel local: \u201cEn un momento los contagios empezaron a ser masivos y era imposible tener el registro de que cada uno supiera c\u00f3mo se hab\u00eda contagiado, y all\u00ed hubo que empezar a tomar otras decisiones m\u00e1s comunitarias con los grupos de personas, que es lo que sucede en los colegios\u201d.<\/p>\n<p>Luego surgi\u00f3 la vacuna y record\u00f3 que \u201chab\u00eda miedo y los primeros que nos vacunamos fuimos nosotros con el Intendente, faltaban los tiempos de la prueba cl\u00ednica, pero en una pandemia los tiempos se aceleran y los especialistas recomendaban la vacunaci\u00f3n, pero la gente ten\u00eda miedo\u201d, as\u00ed que \u201carmamos toda la estrategia de vacunaci\u00f3n con la Provincia, hicimos la campa\u00f1a y trajimos con mucho esfuerzo uno de los cinco hospitales modulares para tener m\u00e1s capacidad instalada y no tener que derivar personas por Covid, porque toda la regi\u00f3n estaba colapsada\u201d.<\/p>\n<p>Hoy a tres a\u00f1os de ello, para la concejal queda espacio para la reflexi\u00f3n, con una mirada triste pero de tranquilidad por el trabajo realizado: \u201cLo que m\u00e1s me entristece es que esto dej\u00f3 un hueco en la vida de muchas familias por todas las personas que fallecieron, pero todo lo que estaba al alcance se trajo y se equip\u00f3 de la mejor manera, pero algunas personas lamentablemente con enfermedades existentes no pudieron resistir. Pero tambi\u00e9n s\u00e9 que hicimos todo lo que pudimos y m\u00e1s. Creo que todos aprendimos mucho y quedaron ganancias en el sistema de salud, y el no haber tenido que derivar ni un paciente a una vecina localidad es un dato objetivo que hicimos todo lo que pudimos y m\u00e1s, en un sistema de salud que es solo municipal\u201d.<\/p>\n","protected":false},"excerpt":{"rendered":"<p>La concejal, otrora secretaria de Salud cuando se desat\u00f3 la pandemia de coronavirus en marzo de 2020, pas\u00f3 por los estudios de \u201cVoces de la Ciudad\u201d y rememor\u00f3 an\u00e9cdotas y decisiones de una gesti\u00f3n que reci\u00e9n iniciaba y se le planteaba un escenario hasta ah\u00ed desconocido. En la nota realizada por el periodista Jorge G\u00f3mez, [&hellip;]<\/p>\n","protected":false},"author":3,"featured_media":71848,"comment_status":"closed","ping_status":"closed","sticky":false,"template":"","format":"standard","meta":{"footnotes":""},"categories":[5],"tags":[],"class_list":{"0":"post-98625","1":"post","2":"type-post","3":"status-publish","4":"format-standard","5":"has-post-thumbnail","7":"category-neco"},"_links":{"self":[{"href":"https:\/\/primicias2262.com\/noticias\/wp-json\/wp\/v2\/posts\/98625","targetHints":{"allow":["GET"]}}],"collection":[{"href":"https:\/\/primicias2262.com\/noticias\/wp-json\/wp\/v2\/posts"}],"about":[{"href":"https:\/\/primicias2262.com\/noticias\/wp-json\/wp\/v2\/types\/post"}],"author":[{"embeddable":true,"href":"https:\/\/primicias2262.com\/noticias\/wp-json\/wp\/v2\/users\/3"}],"replies":[{"embeddable":true,"href":"https:\/\/primicias2262.com\/noticias\/wp-json\/wp\/v2\/comments?post=98625"}],"version-history":[{"count":0,"href":"https:\/\/primicias2262.com\/noticias\/wp-json\/wp\/v2\/posts\/98625\/revisions"}],"wp:featuredmedia":[{"embeddable":true,"href":"https:\/\/primicias2262.com\/noticias\/wp-json\/"}],"wp:attachment":[{"href":"https:\/\/primicias2262.com\/noticias\/wp-json\/wp\/v2\/media?parent=98625"}],"wp:term":[{"taxonomy":"category","embeddable":true,"href":"https:\/\/primicias2262.com\/noticias\/wp-json\/wp\/v2\/categories?post=98625"},{"taxonomy":"post_tag","embeddable":true,"href":"https:\/\/primicias2262.com\/noticias\/wp-json\/wp\/v2\/tags?post=98625"}],"curies":[{"name":"wp","href":"https:\/\/api.w.org\/{rel}","templated":true}]}}