{"id":98636,"date":"2023-03-23T15:49:27","date_gmt":"2023-03-23T18:49:27","guid":{"rendered":"https:\/\/primicias2262.com\/?p=98636"},"modified":"2023-03-23T15:49:27","modified_gmt":"2023-03-23T18:49:27","slug":"unibaso-desde-que-empece-a-militar-en-mi-norte-politico-esta-la-intendencia-de-necochea","status":"publish","type":"post","link":"https:\/\/primicias2262.com\/noticias\/unibaso-desde-que-empece-a-militar-en-mi-norte-politico-esta-la-intendencia-de-necochea\/","title":{"rendered":"Unibaso: \u201cDesde que empec\u00e9 a militar, en mi norte pol\u00edtico est\u00e1 la intendencia de Necochea\u201d"},"content":{"rendered":"<p><strong>El dirigente de la Uni\u00f3n C\u00edvica Radical de Necochea, Dami\u00e1n Unibaso, afirm\u00f3 que cuando tenga la posibilidad de ser candidato a intendente por la UCR lo har\u00e1 sin dudarlo, aunque no asegur\u00f3 que eso pueda darse a corto plazo en las elecciones de este a\u00f1o.<\/strong><\/p>\n<p>Durante una comunicaci\u00f3n telef\u00f3nico con el periodista Jorge G\u00f3mez en \u201cVoces de la Ciudad\u201d, el joven abogado fue consultado por una supuesta precandidatura a Intendente, luego de haber tenido una audiencia en la C\u00e1mara de Diputados de la Naci\u00f3n junto a Facundo Manes.<\/p>\n<p>Al respecto, lejos de esquivar el bulto, Dami\u00e1n afirm\u00f3: \u201cSiempre digo lo mismo, desde que empec\u00e9 a militar en mi norte pol\u00edtico est\u00e1 la intendencia de Necochea, me gusta el municipalismo, soy un amante de eso y si el partido en alg\u00fan momento tiene la intenci\u00f3n de que el candidato sea yo, voy a estar presente\u201d.<\/p>\n<p>Ampli\u00f3 al respecto que \u201ccuando tenga la posibilidad de representar a la Uni\u00f3n C\u00edvica Radical lo voy a hacer sin dudar, pero la candidatura tiene que surgir de las definiciones partidarias, ya que no creo m\u00e1s en los personalismos ni en las mesas chicas, ni en la dedocracia que nos termin\u00f3 haciendo mal\u201d.<\/p>\n<p>Seguidamente hizo m\u00e1s amplio su autocr\u00edtica hacia el hist\u00f3rico partido en Necochea: \u201cLastimosamente, desde un gran trabajo juntos que se logr\u00f3 en 2003 que llevamos de precandidato a Daniel Molina y que se repiti\u00f3 en 2007, despu\u00e9s de ah\u00ed nos hemos visto empantanados los radicales de Necochea en personalismos que no nos han hecho bien\u201d.<\/p>\n<p>Por ende, enfatiz\u00f3 que \u201ces obvio que quiero ser candidato, pero quien tiene que definir estas instancias de candidatos y candidatas han de ser los afiliados\u201d, y en ese sentido anhel\u00f3 que \u201cojala que se d\u00e9 igual que como se dio en el \u201917 y en el \u201919, pero que esta vuelta nos acompa\u00f1en los resultados\u201d.<\/p>\n<p>Respecto a esto \u00faltimo y a unas posibles internas radicales antes de las PASO de agsto, respondi\u00f3 que \u201csi hay algo a lo que estamos muy acostumbrados los radicales es a las internas: en el 2017 cuando Carola Bertoldi era presidenta del Comit\u00e9 y yo estaba como secretario del partido reglamentamos una asamblea para que se puedan votar los candidatos de la Uni\u00f3n C\u00edvica Radical a participar en las PASO; en 2019 cuando me toc\u00f3 ser presidente a m\u00ed hice exactamente lo mismo, y ahora deber\u00eda repetirse lo mismo, porque vimos que en 2021 no funcion\u00f3 as\u00ed y lamentablemente disgregamos el voto radical y despistamos al electorado en ese sentido\u201d.<\/p>\n","protected":false},"excerpt":{"rendered":"<p>El dirigente de la Uni\u00f3n C\u00edvica Radical de Necochea, Dami\u00e1n Unibaso, afirm\u00f3 que cuando tenga la posibilidad de ser candidato a intendente por la UCR lo har\u00e1 sin dudarlo, aunque no asegur\u00f3 que eso pueda darse a corto plazo en las elecciones de este a\u00f1o. Durante una comunicaci\u00f3n telef\u00f3nico con el periodista Jorge G\u00f3mez en [&hellip;]<\/p>\n","protected":false},"author":3,"featured_media":89812,"comment_status":"closed","ping_status":"closed","sticky":false,"template":"","format":"standard","meta":{"footnotes":""},"categories":[3],"tags":[],"class_list":["post-98636","post","type-post","status-publish","format-standard","has-post-thumbnail","category-masnoticias"],"_links":{"self":[{"href":"https:\/\/primicias2262.com\/noticias\/wp-json\/wp\/v2\/posts\/98636","targetHints":{"allow":["GET"]}}],"collection":[{"href":"https:\/\/primicias2262.com\/noticias\/wp-json\/wp\/v2\/posts"}],"about":[{"href":"https:\/\/primicias2262.com\/noticias\/wp-json\/wp\/v2\/types\/post"}],"author":[{"embeddable":true,"href":"https:\/\/primicias2262.com\/noticias\/wp-json\/wp\/v2\/users\/3"}],"replies":[{"embeddable":true,"href":"https:\/\/primicias2262.com\/noticias\/wp-json\/wp\/v2\/comments?post=98636"}],"version-history":[{"count":0,"href":"https:\/\/primicias2262.com\/noticias\/wp-json\/wp\/v2\/posts\/98636\/revisions"}],"wp:attachment":[{"href":"https:\/\/primicias2262.com\/noticias\/wp-json\/wp\/v2\/media?parent=98636"}],"wp:term":[{"taxonomy":"category","embeddable":true,"href":"https:\/\/primicias2262.com\/noticias\/wp-json\/wp\/v2\/categories?post=98636"},{"taxonomy":"post_tag","embeddable":true,"href":"https:\/\/primicias2262.com\/noticias\/wp-json\/wp\/v2\/tags?post=98636"}],"curies":[{"name":"wp","href":"https:\/\/api.w.org\/{rel}","templated":true}]}}