{"id":98639,"date":"2023-03-24T11:20:17","date_gmt":"2023-03-24T14:20:17","guid":{"rendered":"https:\/\/primicias2262.com\/?p=98639"},"modified":"2023-03-24T11:20:17","modified_gmt":"2023-03-24T14:20:17","slug":"engraucoop-es-la-ultima-celula-pesquera-que-nos-queda-en-el-puerto-y-eso-no-tiene-color-politico","status":"publish","type":"post","link":"https:\/\/primicias2262.com\/noticias\/engraucoop-es-la-ultima-celula-pesquera-que-nos-queda-en-el-puerto-y-eso-no-tiene-color-politico\/","title":{"rendered":"\u201cEngraucoop es la \u00faltima c\u00e9lula pesquera que nos queda en el puerto y eso no tiene color pol\u00edtico\u201d"},"content":{"rendered":"<p><strong>As\u00ed lo manifest\u00f3 el dirigente radical necochense, Dami\u00e1n Unibaso, quien viaj\u00f3 a la C\u00e1mara de Diputados de Naci\u00f3n para entrevistarse con el diputado Facundo Manes sobre la problem\u00e1tica de la cooperativa de Quequ\u00e9n que engloba a m\u00e1s de 200 trabajadoras.<\/strong><\/p>\n<p>En charla telef\u00f3nica con el periodista Jorge G\u00f3mez para \u201cVoces de la Ciudad\u201d, el otrora presidente del Comit\u00e9 radical \u201cEmiliano Ab\u00e1solo\u201d relat\u00f3 que \u201cme recibi\u00f3 Facundo Manes en la C\u00e1mara de Diputados despu\u00e9s de algunos pedidos de audiencia y se brind\u00f3 para escucharme sobre la problem\u00e1tica que est\u00e1 teniendo la cooperativa Engraucoop, que en 2011 present\u00f3 quiebra y hasta la fecha viene con un derrotero de problem\u00e1ticas, que va a llevar a la ejecuci\u00f3n del inmueble y eso ser\u00e1 un problema porque la mayor\u00eda de las trabajadoras son mujeres (93%), y si se vende la habilitaci\u00f3n por excepci\u00f3n de Engraucoop va a caer y lastimosamente vamos a estar frente a un negocio inmobiliario, y se va a perder la \u00faltima c\u00e9lula pesquera del distrito\u201d.<\/p>\n<p><a href=\"https:\/\/primicias2262.com\/wp-content\/uploads\/2023\/03\/uni-manes.png\"><img loading=\"lazy\" decoding=\"async\" class=\"alignleft size-medium wp-image-98665\" src=\"https:\/\/primicias2262.com\/wp-content\/uploads\/2023\/03\/uni-manes-300x282.png\" alt=\"\" width=\"300\" height=\"282\" \/><\/a><\/p>\n<p>Acot\u00f3 Unibaso que \u201cpara m\u00ed es un gran problema, lo analic\u00e9 jur\u00eddicamente y me llev\u00f3 a acercarme a la cooperativa a conversar con Gonzalo Palmieri, que es el presidente de la cooperativa; y a trav\u00e9s de otro diputado que es Fabio Quetglas, estamos tratando de conseguir una reuni\u00f3n con el ministro de Pesca y Agricucultura, pese a que entendemos que esto ha de resolverse con la intencionalidad de alg\u00fan \u00f3rgano de gobierno que entienda que lo que hace esta cooperativa en ese inmueble es darle valor agregado a la materia prima que sale de nuestro distrito, y que indirectamente tambi\u00e9n le da trabajo al buque pesquero, al que lo traslada y dem\u00e1s\u201d.<\/p>\n<p>Vale recordar en tal sentido que una de las claves que plantea Engraucoop y su abogado es la urgente necesidad de conseguir recursos para acercar una oferta a la sindicatura para comprar el predio en cuesti\u00f3n. En ese aspecto, Unibaso se\u00f1al\u00f3 que \u201cpara atender a todas las deudas que dej\u00f3 Engraulis, lo \u00fanico que tiene la sociedad an\u00f3nima que quebr\u00f3 es el inmueble, que para el martillero est\u00e1 tasado en 283 millones de pesos y para la cooperativa en 80 millones, hay una gran diferencia pero creo que la deuda verificada es menor a todos estos millones que estamos hablando\u201d.<\/p>\n<p>Asimismo, acot\u00f3 que \u201ctambi\u00e9n existe la posibilidad, y tiene que haber una decisi\u00f3n pol\u00edtica para ello, de llevar adelante una expropiaci\u00f3n porque estamos en presencia de una utilidad p\u00fablica que tiene que estar declarada por ley previo a que se llegue a eso, y entiendo que ser\u00eda una gran salida para que todas las partes est\u00e9n contentas: los acreedores y los m\u00e1s de 200 puestos de trabajo y la industria pesquera de Necochea. Es una de las posibilidades, no digo que sea la \u00fanica\u201d.<\/p>\n<p>Finalmente, Unibaso puntualiz\u00f3 que \u201cManes puede darle visibiidad a esto, que es un gran problema para Necochea. Hay varios grandes problemas en Necochea que debemos resolverlos m\u00e1s all\u00e1 de cualquier tinte pol\u00edtico, y este creo que es un\u201d, ya que \u201cEngraucoop es la \u00faltima c\u00e9lula pesquera que nos queda en el puerto y no tiene color pol\u00edtico, y eso creo que lo ha sabido manejar muy bien la cooperativa, recibiendo al arco pol\u00edtico en general para darle visibilidad a este gran problema que resolverlo en lo inmediato ser\u00eda un salto de calidad como necochenses\u201d.<\/p>\n","protected":false},"excerpt":{"rendered":"<p>As\u00ed lo manifest\u00f3 el dirigente radical necochense, Dami\u00e1n Unibaso, quien viaj\u00f3 a la C\u00e1mara de Diputados de Naci\u00f3n para entrevistarse con el diputado Facundo Manes sobre la problem\u00e1tica de la cooperativa de Quequ\u00e9n que engloba a m\u00e1s de 200 trabajadoras. En charla telef\u00f3nica con el periodista Jorge G\u00f3mez para \u201cVoces de la Ciudad\u201d, el otrora [&hellip;]<\/p>\n","protected":false},"author":3,"featured_media":77996,"comment_status":"closed","ping_status":"closed","sticky":false,"template":"","format":"standard","meta":{"footnotes":""},"categories":[3],"tags":[],"class_list":["post-98639","post","type-post","status-publish","format-standard","has-post-thumbnail","category-masnoticias"],"_links":{"self":[{"href":"https:\/\/primicias2262.com\/noticias\/wp-json\/wp\/v2\/posts\/98639","targetHints":{"allow":["GET"]}}],"collection":[{"href":"https:\/\/primicias2262.com\/noticias\/wp-json\/wp\/v2\/posts"}],"about":[{"href":"https:\/\/primicias2262.com\/noticias\/wp-json\/wp\/v2\/types\/post"}],"author":[{"embeddable":true,"href":"https:\/\/primicias2262.com\/noticias\/wp-json\/wp\/v2\/users\/3"}],"replies":[{"embeddable":true,"href":"https:\/\/primicias2262.com\/noticias\/wp-json\/wp\/v2\/comments?post=98639"}],"version-history":[{"count":0,"href":"https:\/\/primicias2262.com\/noticias\/wp-json\/wp\/v2\/posts\/98639\/revisions"}],"wp:attachment":[{"href":"https:\/\/primicias2262.com\/noticias\/wp-json\/wp\/v2\/media?parent=98639"}],"wp:term":[{"taxonomy":"category","embeddable":true,"href":"https:\/\/primicias2262.com\/noticias\/wp-json\/wp\/v2\/categories?post=98639"},{"taxonomy":"post_tag","embeddable":true,"href":"https:\/\/primicias2262.com\/noticias\/wp-json\/wp\/v2\/tags?post=98639"}],"curies":[{"name":"wp","href":"https:\/\/api.w.org\/{rel}","templated":true}]}}