{"id":98641,"date":"2023-03-23T16:29:28","date_gmt":"2023-03-23T19:29:28","guid":{"rendered":"https:\/\/primicias2262.com\/?p=98641"},"modified":"2023-03-23T16:29:28","modified_gmt":"2023-03-23T19:29:28","slug":"atencion-primaria-senalo-que-llegaron-dosis-antigripales-y-seguiran-recibiendo-proximamente","status":"publish","type":"post","link":"https:\/\/primicias2262.com\/noticias\/atencion-primaria-senalo-que-llegaron-dosis-antigripales-y-seguiran-recibiendo-proximamente\/","title":{"rendered":"Atenci\u00f3n Primaria se\u00f1al\u00f3 que llegaron dosis antigripales y seguir\u00e1n recibiendo pr\u00f3ximamente"},"content":{"rendered":"<p><strong>La directora de Atenci\u00f3n Primaria de Salud, Carina Mazeris, habl\u00f3 en \u201cVoces de la Ciudad\u201d sobre el tema de la vacunaci\u00f3n antigripal.<\/strong><\/p>\n<p>En primer t\u00e9rmino record\u00f3 que \u201cla semana pasada se recibieron las primeras dosis para vacunar a todo el personal de salud, as\u00ed que se estuvo realizando eso y esta semana se recibieron las primeras dosis pedi\u00e1tricas y algunas de adultos\u201d.<\/p>\n<p>La profesional se\u00f1al\u00f3 que el operativo no se diferencia de ediciones anteriores: \u201cEs como todos los a\u00f1os, se reciben las dosis de a apoco y no hay mucho en esta primera tanda pero, se est\u00e1n recibiendo en los centros de salud y vamos empezando los esquemas con prioridad para los ni\u00f1os, todos los beb\u00e9s a partir de los seis meses con libreta sanitaria en los centros de salud se pueden vacunar\u201d.<\/p>\n<p>En cuanto a las dosis que llegaron de adultos, \u201cempezamos con embarazadas y pu\u00e9rperas\u201d, agreg\u00f3.<\/p>\n<p>Si bien las dosis que llegaron se agotan enseguida porque es el comienzo de la campa\u00f1a, bien vale aclarar que \u201cvamos a seguir recibiendo dosis\u201d, afirm\u00f3. \u201cNi bien llegan se reparten en todos los centros de salud y se mantiene la disponibilidad a medida que hay vacunas, se va a ir vacunando como siempre y despu\u00e9s terminamos en invierno con la mayor cantidad de la gente vacunada\u201d, acot\u00f3.<\/p>\n<p>Por ello, Mazeris acentu\u00f3 que \u201csi el d\u00eda que llegaron no hay m\u00e1s vacunas, que est\u00e9n tranquilos que la semana que viene habr\u00e1, pero ya empezamos a vacunar a esa poblaci\u00f3n m\u00e1s vulnerable\u201d.<\/p>\n<p>Finalmente, aclar\u00f3 que en los CAPS se vacuna por orden de llegada: \u201cYa no estamos dando turnos, los cuales se hab\u00edan implementado en la \u00e9poca del Covid para no tener mucha gente junta en los CAPS, pero ahora pueden acercarse con la libreta y van a recibir la vacuna siempre que haya, porque en la ansiedad del comienzo las primeras vacunas se aplican r\u00e1pido\u201d.<\/p>\n","protected":false},"excerpt":{"rendered":"<p>La directora de Atenci\u00f3n Primaria de Salud, Carina Mazeris, habl\u00f3 en \u201cVoces de la Ciudad\u201d sobre el tema de la vacunaci\u00f3n antigripal. En primer t\u00e9rmino record\u00f3 que \u201cla semana pasada se recibieron las primeras dosis para vacunar a todo el personal de salud, as\u00ed que se estuvo realizando eso y esta semana se recibieron las [&hellip;]<\/p>\n","protected":false},"author":3,"featured_media":95740,"comment_status":"closed","ping_status":"closed","sticky":false,"template":"","format":"standard","meta":{"footnotes":""},"categories":[3],"tags":[],"class_list":["post-98641","post","type-post","status-publish","format-standard","has-post-thumbnail","category-masnoticias"],"_links":{"self":[{"href":"https:\/\/primicias2262.com\/noticias\/wp-json\/wp\/v2\/posts\/98641","targetHints":{"allow":["GET"]}}],"collection":[{"href":"https:\/\/primicias2262.com\/noticias\/wp-json\/wp\/v2\/posts"}],"about":[{"href":"https:\/\/primicias2262.com\/noticias\/wp-json\/wp\/v2\/types\/post"}],"author":[{"embeddable":true,"href":"https:\/\/primicias2262.com\/noticias\/wp-json\/wp\/v2\/users\/3"}],"replies":[{"embeddable":true,"href":"https:\/\/primicias2262.com\/noticias\/wp-json\/wp\/v2\/comments?post=98641"}],"version-history":[{"count":0,"href":"https:\/\/primicias2262.com\/noticias\/wp-json\/wp\/v2\/posts\/98641\/revisions"}],"wp:attachment":[{"href":"https:\/\/primicias2262.com\/noticias\/wp-json\/wp\/v2\/media?parent=98641"}],"wp:term":[{"taxonomy":"category","embeddable":true,"href":"https:\/\/primicias2262.com\/noticias\/wp-json\/wp\/v2\/categories?post=98641"},{"taxonomy":"post_tag","embeddable":true,"href":"https:\/\/primicias2262.com\/noticias\/wp-json\/wp\/v2\/tags?post=98641"}],"curies":[{"name":"wp","href":"https:\/\/api.w.org\/{rel}","templated":true}]}}