{"id":98644,"date":"2023-03-23T16:28:03","date_gmt":"2023-03-23T19:28:03","guid":{"rendered":"https:\/\/primicias2262.com\/?p=98644"},"modified":"2023-03-23T16:28:03","modified_gmt":"2023-03-23T19:28:03","slug":"se-presento-la-obra-de-integracion-socio-urbana-en-el-barrio-los-alamos","status":"publish","type":"post","link":"https:\/\/primicias2262.com\/noticias\/se-presento-la-obra-de-integracion-socio-urbana-en-el-barrio-los-alamos\/","title":{"rendered":"Se present\u00f3 la obra de Integraci\u00f3n Socio Urbana en el Barrio Los \u00c1lamos"},"content":{"rendered":"<p><strong>Se present\u00f3 la obra de Integraci\u00f3n Socio Urbana en el barrio Los \u00c1lamos, llevada a cabo por la cooperativa 26 de Julio, presidida por Cristian Sierra. La particularidad de esta obra es su enfoque en la participaci\u00f3n ciudadana, algo que se logra gracias a la colaboraci\u00f3n de \u00c1lvaro y Mat\u00edas, quienes son funcionarios que viven en un barrio popular.<\/strong><\/p>\n<p>La obra, ejecutada en un 20% al momento,\u00a0 conlleva conexiones intradomiciliarias de agua y electricidad, redes peatonales, arbolado p\u00fablico y equipamiento urbano.<\/p>\n<p>Luciano Lescano, responsable del Movimiento Evita y uno de los promotores de esta obra, destac\u00f3 la importancia de la participaci\u00f3n de los vecinos y vecinas en la misma. \u00abQueremos una ciudad integrada y que pueda desarrollarse al m\u00e1ximo\u00bb, expres\u00f3 Lescano. \u201cEsta obra de Integraci\u00f3n Socio Urbana en Los \u00c1lamos es una muestra de que, cuando se hace pol\u00edtica desde abajo y con la participaci\u00f3n de la gente, se pueden lograr grandes avances en la construcci\u00f3n de una sociedad m\u00e1s justa y solidaria.\u201d<\/p>\n<p><a href=\"https:\/\/primicias2262.com\/wp-content\/uploads\/2023\/03\/DSC_1193-scaled.jpg\"><img loading=\"lazy\" decoding=\"async\" class=\"aligncenter size-large wp-image-98646\" src=\"https:\/\/primicias2262.com\/wp-content\/uploads\/2023\/03\/DSC_1193-1024x683.jpg\" alt=\"\" width=\"696\" height=\"464\" \/><\/a>Por su parte, el presidente del ente ejecutor de la obra, Cristian Sierra expres\u00f3 que \u201c la cooperativa 26 de Julio inici\u00f3 su trabajo en la pintura de escuelas, como parte del programa Potenciar Trabajo, y a partir de all\u00ed surgi\u00f3 la idea de formar una cooperativa para trabajar en la obra p\u00fablica en los barrios. El objetivo de esta iniciativa es lograr la integraci\u00f3n socio urbana de los barrios m\u00e1s humildes\u201d.<\/p>\n<p>Mat\u00edas Mora, el responsable de las relaciones institucionales de la Direcci\u00f3n Nacional de Desarrollo Socio Comunitario, expres\u00f3 que \u00abel desaf\u00edo m\u00e1s grande que tenemos los que venimos militando, es la integraci\u00f3n socio urbana de los barrios m\u00e1s humildes. Hoy tenemos la oportunidad de trabajar desde el estado para solucionar los problemas de los que menos tienen\u00bb.<\/p>\n<p>Es importante destacar el compromiso de cada una de las personas que trabajan todos los d\u00edas para lograr una transformaci\u00f3n social, y la importancia de fomentar la participaci\u00f3n ciudadana en las pol\u00edticas como herramienta democr\u00e1tica.<\/p>\n<p>La inauguraci\u00f3n de esta obra de Integraci\u00f3n Socio Urbana en Los \u00c1lamos es un paso importante hacia una ciudad m\u00e1s justa e integrada. Esperamos que esta iniciativa sea un ejemplo para otras comunidades, y que cada vez m\u00e1s personas se sumen a trabajar por una sociedad m\u00e1s igualitaria y solidaria.<\/p>\n<p>&nbsp;<\/p>\n<p>&nbsp;<\/p>\n","protected":false},"excerpt":{"rendered":"<p>Se present\u00f3 la obra de Integraci\u00f3n Socio Urbana en el barrio Los \u00c1lamos, llevada a cabo por la cooperativa 26 de Julio, presidida por Cristian Sierra. La particularidad de esta obra es su enfoque en la participaci\u00f3n ciudadana, algo que se logra gracias a la colaboraci\u00f3n de \u00c1lvaro y Mat\u00edas, quienes son funcionarios que viven [&hellip;]<\/p>\n","protected":false},"author":3,"featured_media":98645,"comment_status":"closed","ping_status":"closed","sticky":false,"template":"","format":"standard","meta":{"footnotes":""},"categories":[3],"tags":[],"class_list":["post-98644","post","type-post","status-publish","format-standard","has-post-thumbnail","category-masnoticias"],"_links":{"self":[{"href":"https:\/\/primicias2262.com\/noticias\/wp-json\/wp\/v2\/posts\/98644","targetHints":{"allow":["GET"]}}],"collection":[{"href":"https:\/\/primicias2262.com\/noticias\/wp-json\/wp\/v2\/posts"}],"about":[{"href":"https:\/\/primicias2262.com\/noticias\/wp-json\/wp\/v2\/types\/post"}],"author":[{"embeddable":true,"href":"https:\/\/primicias2262.com\/noticias\/wp-json\/wp\/v2\/users\/3"}],"replies":[{"embeddable":true,"href":"https:\/\/primicias2262.com\/noticias\/wp-json\/wp\/v2\/comments?post=98644"}],"version-history":[{"count":0,"href":"https:\/\/primicias2262.com\/noticias\/wp-json\/wp\/v2\/posts\/98644\/revisions"}],"wp:attachment":[{"href":"https:\/\/primicias2262.com\/noticias\/wp-json\/wp\/v2\/media?parent=98644"}],"wp:term":[{"taxonomy":"category","embeddable":true,"href":"https:\/\/primicias2262.com\/noticias\/wp-json\/wp\/v2\/categories?post=98644"},{"taxonomy":"post_tag","embeddable":true,"href":"https:\/\/primicias2262.com\/noticias\/wp-json\/wp\/v2\/tags?post=98644"}],"curies":[{"name":"wp","href":"https:\/\/api.w.org\/{rel}","templated":true}]}}