{"id":98662,"date":"2023-03-24T11:21:01","date_gmt":"2023-03-24T14:21:01","guid":{"rendered":"https:\/\/primicias2262.com\/?p=98662"},"modified":"2023-03-24T11:21:01","modified_gmt":"2023-03-24T14:21:01","slug":"soledad-moreno-renuncio-como-jefa-distrital-de-educacion","status":"publish","type":"post","link":"https:\/\/primicias2262.com\/noticias\/soledad-moreno-renuncio-como-jefa-distrital-de-educacion\/","title":{"rendered":"Soledad Moreno renunci\u00f3 como\u00a0jefa Distrital de Educaci\u00f3n"},"content":{"rendered":"<p><strong>Por Jorge G\u00f3mez<\/strong><\/p>\n<p><a href=\"https:\/\/primicias2262.com\/wp-content\/uploads\/2021\/08\/Gomez.jpg\"><img loading=\"lazy\" decoding=\"async\" class=\"alignleft size-thumbnail wp-image-80409\" src=\"https:\/\/primicias2262.com\/wp-content\/uploads\/2021\/08\/Gomez-150x150.jpg\" alt=\"\" width=\"150\" height=\"150\" \/><\/a><\/p>\n<p>Se conoci\u00f3 que este pasado jueves 23 de marzo por la noche trascendi\u00f3 que present\u00f3 su renuncia como jefe distrital de Educaci\u00f3n de Necochea, Soledad Moreno. Lo hizo a trav\u00e9s de una nota que remiti\u00f3 a varios de sus cercanos como as\u00ed a docentes del medio.<\/p>\n<p>La novedad en t\u00e9rminos oficiales se conocer\u00e1 con el paso de las horas, en el marco de este fin de semana largo.<\/p>\n<p>La mencionada renuncia fue se\u00f1alada por la propia Soledad Moreno de esta manera:<\/p>\n<p>\u201cCompa\u00f1eros y compa\u00f1eras: quiero expresar que present\u00e9 en el d\u00eda de hoy (por este jueves 23) mi renuncia como jefa Distrital.<\/p>\n<p>Agradecerles el lado humano y profesional de cada uno\/a.<\/p>\n<p>Aprend\u00ed mucho y reafirmo mi compromiso con la educaci\u00f3n justa.<\/p>\n<p>Agradecer a Ana (en atenci\u00f3n a la jefa regional, Ana Marinsevic) por el extremo cuidado hacia mi persona y hacia mi profesionalismo.<\/p>\n<p>Las razones tienen que ver con los irrenunciables de la vida.<\/p>\n<p>Los quiero y los abrazo profundamente; obviamente nos encontraremos desde otro lugar.<\/p>\n<p>Sole\u201d.<\/p>\n<p>Noticia en desarrollo.<\/p>\n","protected":false},"excerpt":{"rendered":"<p>Por Jorge G\u00f3mez Se conoci\u00f3 que este pasado jueves 23 de marzo por la noche trascendi\u00f3 que present\u00f3 su renuncia como jefe distrital de Educaci\u00f3n de Necochea, Soledad Moreno. Lo hizo a trav\u00e9s de una nota que remiti\u00f3 a varios de sus cercanos como as\u00ed a docentes del medio. La novedad en t\u00e9rminos oficiales se [&hellip;]<\/p>\n","protected":false},"author":3,"featured_media":97935,"comment_status":"closed","ping_status":"closed","sticky":false,"template":"","format":"standard","meta":{"footnotes":""},"categories":[3],"tags":[],"class_list":["post-98662","post","type-post","status-publish","format-standard","has-post-thumbnail","category-masnoticias"],"_links":{"self":[{"href":"https:\/\/primicias2262.com\/noticias\/wp-json\/wp\/v2\/posts\/98662","targetHints":{"allow":["GET"]}}],"collection":[{"href":"https:\/\/primicias2262.com\/noticias\/wp-json\/wp\/v2\/posts"}],"about":[{"href":"https:\/\/primicias2262.com\/noticias\/wp-json\/wp\/v2\/types\/post"}],"author":[{"embeddable":true,"href":"https:\/\/primicias2262.com\/noticias\/wp-json\/wp\/v2\/users\/3"}],"replies":[{"embeddable":true,"href":"https:\/\/primicias2262.com\/noticias\/wp-json\/wp\/v2\/comments?post=98662"}],"version-history":[{"count":0,"href":"https:\/\/primicias2262.com\/noticias\/wp-json\/wp\/v2\/posts\/98662\/revisions"}],"wp:attachment":[{"href":"https:\/\/primicias2262.com\/noticias\/wp-json\/wp\/v2\/media?parent=98662"}],"wp:term":[{"taxonomy":"category","embeddable":true,"href":"https:\/\/primicias2262.com\/noticias\/wp-json\/wp\/v2\/categories?post=98662"},{"taxonomy":"post_tag","embeddable":true,"href":"https:\/\/primicias2262.com\/noticias\/wp-json\/wp\/v2\/tags?post=98662"}],"curies":[{"name":"wp","href":"https:\/\/api.w.org\/{rel}","templated":true}]}}