{"id":98673,"date":"2023-03-24T13:00:37","date_gmt":"2023-03-24T16:00:37","guid":{"rendered":"https:\/\/primicias2262.com\/?p=98673"},"modified":"2023-03-24T13:00:37","modified_gmt":"2023-03-24T16:00:37","slug":"migueles-realizo-la-apertura-del-instituto-republica-en-necochea","status":"publish","type":"post","link":"https:\/\/primicias2262.com\/noticias\/migueles-realizo-la-apertura-del-instituto-republica-en-necochea\/","title":{"rendered":"Migueles realiz\u00f3 la apertura del Instituto Rep\u00fablica en Necochea"},"content":{"rendered":"<p><strong>Fuente: El Ciudadano Necochea<\/strong><\/p>\n<p>Con la presencia de dirigentes locales de otras fuerzas partidarias, como as\u00ed tambi\u00e9n de referentes zonales del PRO, Mart\u00edn Migueles efectu\u00f3 este jueves la apertura de la sede regional del Instituto Rep\u00fablica, en un local de la calle 54 N\u00b0 2831.<\/p>\n<p>El precandidato a intendente recibi\u00f3 el respaldo de las autoridades nacionales de ese instituto, definido como una escuela de acci\u00f3n pol\u00edtica. Tanto de su presidente Jos\u00e9 Luis Acevedo, como del director David Cohen. Tambi\u00e9n lo aval\u00f3 Emiliano Giri, presidente del Pro de Mar del Plata y fuerte referente de la quinta secci\u00f3n electoral.\u00a0 Todos coincidentes en su apoyo a Diego Santilli como aspirante de gobernador y a Horacio Rodr\u00edguez Larreta para presidente de la Naci\u00f3n.<\/p>\n<p>Por otra parte, asistieron al acto los radicales Felicitas Cabret\u00f3n y Gonzalo Diez, como as\u00ed tambi\u00e9n Leonardo Giorgetti (ACT), Elisa M\u00e1rquez (UNO) y Fernando Amat (MID). Y una de las m\u00e1s entusiastas fue Mara Laxalt, junto a otros dirigentes del Movimiento Social por la Rep\u00fablica (MSR).<\/p>\n<p>Tambi\u00e9n asistieron Mat\u00edas Ferrazzini, que integra la Mesa Patricia Bullrich local, y Leonardo Ruggiero, adem\u00e1s del ex dirigente sindical y ex concejal Jorge Ramos.<\/p>\n<p>Fueron coincidentes los mensajes en cuanto a la necesidad de promover el consenso y dejar atr\u00e1s la grieta que divide a sectores de la sociedad, destac\u00e1ndose en ese sentido la moderaci\u00f3n que caracteriza a Rodr\u00edguez Larreta y Santilli, en contraposici\u00f3n con la mayor beligerancia de Patricia Bullrich.<\/p>\n<p>Migueles, tal como lo hab\u00eda anticipado en entrevistas previas a esta apertura del local, recalc\u00f3 que el Instituto Rep\u00fablica (que tendr\u00e1 como responsable a Juan Pablo Sain) tendr\u00e1 como objetivo brindar capacitaci\u00f3n pol\u00edtica, previ\u00e9ndose tambi\u00e9n que se estudien temas locales y nacionales. Fundamentalmente, desde \u201cuna mirada local\u201d.<\/p>\n<p>Asimismo, anticip\u00f3 que \u201cser\u00e1\u00a0 \u00a0un lugar de puertas abiertas con la idea de discutir pol\u00edticas p\u00fablicas a nivel local, formarse y traer expertos en los temas, que es lo m\u00e1s importante\u201d.<\/p>\n<p>Puso acento Migueles en la cuesti\u00f3n ambiental, subrayando la necesidad de construir una planta depuradora de efluentes cloacales y dejar atr\u00e1s el dep\u00f3sito de residuos a cielo abierto, breg\u00f3 por consolidar un camino costero que una la Villa D\u00edaz V\u00e9lez con el balneario Los Angeles y \u00a0coincidi\u00f3 con la decisi\u00f3n del gobierno de Arturo Rojas de vender el predio donde se halla el Casino.<\/p>\n<p>Otro de los temas en los que puso acento fue la seguridad. En tal sentido, el d\u00eda previo, entrevistado en el programa \u201cVoces de la Ciudad\u201d, hab\u00eda se\u00f1alado que traer\u00e1n expertos de la Capital Federal \u201cpara que nos expliquen todo el proceso de mejoramiento de los \u00edndices de seguridad de la Ciudad Aut\u00f3noma de Buenos Aires, donde hay un trabajo de hormiga integrado entre todos los sectores: Justicia, Polic\u00eda, Gendarmer\u00eda y distintos actores que han hecho que la ciudad de Buenos Aires sea una de las m\u00e1s seguras del pa\u00eds\u201d.<\/p>\n<p>\u201cEstamos presentando el Instituto Rep\u00fablica en Necochea porque queremos que sea una herramienta de gesti\u00f3n y transformaci\u00f3n para la ciudad a partir del an\u00e1lisis de todos los problemas que tiene Necochea para cambiar y mejorar\u201d, expres\u00f3 Migueles en una conferencia de prensa previa al acto de apertura.<\/p>\n<p>Asegur\u00f3 tambi\u00e9n que pretende llevar adelante \u201cuna campa\u00f1a proactiva\u201d, con la participaci\u00f3n de vecinos que puedan debatir junto a especialistas que el Instituto Rep\u00fablica env\u00ede a Necochea.<\/p>\n<p>Emiliano Giri manifest\u00f3 que \u201chay\u00a0 \u00a0tres intendentes del PRO en la Provincia y otros del radicalismo en la quinta secci\u00f3n que vienen haciendo un trabajo importante y ojal\u00e1 que lo podamos replicar en Necochea\u201d.<\/p>\n<p>Demostrando tener conocimiento de la actualidad pol\u00edtica necochense, el marplatense agreg\u00f3: \u201cAspiramos \u00a0a que Mart\u00edn (Migueles), Eugenia (Vallota), Gonzalo (Diez), Mara (Laxalt), as\u00ed como un mont\u00f3n de referentes que forman parte de Juntos por el Cambio tengan la capacidad de ponerse de acuerdo para transformar la ciudad de Necochea\u201d.<\/p>\n","protected":false},"excerpt":{"rendered":"<p>Fuente: El Ciudadano Necochea Con la presencia de dirigentes locales de otras fuerzas partidarias, como as\u00ed tambi\u00e9n de referentes zonales del PRO, Mart\u00edn Migueles efectu\u00f3 este jueves la apertura de la sede regional del Instituto Rep\u00fablica, en un local de la calle 54 N\u00b0 2831. El precandidato a intendente recibi\u00f3 el respaldo de las autoridades [&hellip;]<\/p>\n","protected":false},"author":3,"featured_media":98674,"comment_status":"closed","ping_status":"closed","sticky":false,"template":"","format":"standard","meta":{"footnotes":""},"categories":[3],"tags":[],"class_list":["post-98673","post","type-post","status-publish","format-standard","has-post-thumbnail","category-masnoticias"],"_links":{"self":[{"href":"https:\/\/primicias2262.com\/noticias\/wp-json\/wp\/v2\/posts\/98673","targetHints":{"allow":["GET"]}}],"collection":[{"href":"https:\/\/primicias2262.com\/noticias\/wp-json\/wp\/v2\/posts"}],"about":[{"href":"https:\/\/primicias2262.com\/noticias\/wp-json\/wp\/v2\/types\/post"}],"author":[{"embeddable":true,"href":"https:\/\/primicias2262.com\/noticias\/wp-json\/wp\/v2\/users\/3"}],"replies":[{"embeddable":true,"href":"https:\/\/primicias2262.com\/noticias\/wp-json\/wp\/v2\/comments?post=98673"}],"version-history":[{"count":0,"href":"https:\/\/primicias2262.com\/noticias\/wp-json\/wp\/v2\/posts\/98673\/revisions"}],"wp:attachment":[{"href":"https:\/\/primicias2262.com\/noticias\/wp-json\/wp\/v2\/media?parent=98673"}],"wp:term":[{"taxonomy":"category","embeddable":true,"href":"https:\/\/primicias2262.com\/noticias\/wp-json\/wp\/v2\/categories?post=98673"},{"taxonomy":"post_tag","embeddable":true,"href":"https:\/\/primicias2262.com\/noticias\/wp-json\/wp\/v2\/tags?post=98673"}],"curies":[{"name":"wp","href":"https:\/\/api.w.org\/{rel}","templated":true}]}}