{"id":98676,"date":"2023-03-25T11:30:59","date_gmt":"2023-03-25T14:30:59","guid":{"rendered":"https:\/\/primicias2262.com\/?p=98676"},"modified":"2023-03-25T11:30:59","modified_gmt":"2023-03-25T14:30:59","slug":"necochea-fue-sede-del-1o-encuentro-regional-para-fortalecer-el-turismo-y-la-produccion","status":"publish","type":"post","link":"https:\/\/primicias2262.com\/noticias\/necochea-fue-sede-del-1o-encuentro-regional-para-fortalecer-el-turismo-y-la-produccion\/","title":{"rendered":"Necochea fue sede del 1\u00ba Encuentro Regional para fortalecer el turismo y la producci\u00f3n"},"content":{"rendered":"<p><strong>\u201cEstoy convencido de que podemos potenciarnos mucho a nivel regional si hacemos un trabajo realmente mancomunado y serio\u201d, afirm\u00f3 Arturo Rojas en el encuentro entre funcionarios de Producci\u00f3n, Turismo y Desarrollo Local \u00a0de municipios de la regi\u00f3n, que fue considerado como el puntapi\u00e9 de lo que ser\u00e1 la mesa de trabajo sobre los ejes mencionados.<\/strong><\/p>\n<p>Con la apertura a cargo del intendente Arturo Rojas en la Secretar\u00eda de Turismo, este jueves la Municipalidad de Necochea realiz\u00f3 el Primer Encuentro de Fortalecimiento Regional con el objetivo de pensar y articular acciones conjuntas en la producci\u00f3n, el turismo y la cultura.<\/p>\n<p>Junto al Intendente, el secretario anfitri\u00f3n, Mat\u00edas Sierra, dio la bienvenida a sus pares de Tres Arroyos, Miramar, San Cayetano, Lober\u00eda y Balcarce. Vale destacar que este encuentro es considerado como la base fundacional de lo que ser\u00e1 la mesa de trabajo regional sobre los ejes mencionados. Asimismo, por el municipio de Necochea participaron de la reuni\u00f3n Roc\u00edo Zabalj\u00e1uregui y Antonella Giglio, directoras Desarrollo Comercial, Industrial y Agropecuario; y Emprendimientos y Pymes, respectivamente.<\/p>\n<p><a href=\"https:\/\/primicias2262.com\/wp-content\/uploads\/2023\/03\/FOTO-Rojas-Reunion-Fortalecimiento-Regional2.jpeg\"><img loading=\"lazy\" decoding=\"async\" class=\"aligncenter size-full wp-image-98678\" src=\"https:\/\/primicias2262.com\/wp-content\/uploads\/2023\/03\/FOTO-Rojas-Reunion-Fortalecimiento-Regional2.jpeg\" alt=\"\" width=\"1600\" height=\"1066\" \/><\/a><\/p>\n<p>Al momento de abrir la mesa de di\u00e1logo, Arturo Rojas anticip\u00f3 que \u201cnos parece m\u00e1s que importante este encuentro para trazar l\u00edneas de trabajo y objetivos de cara al futuro porque la mayor\u00eda de los municipios, y otros tantos que iremos sumando de la regi\u00f3n, tenemos muchos puntos en com\u00fan\u201d.<\/p>\n<p>En ese aspecto, el Intendente no solo se explay\u00f3 sobre los ejes de la consigna del encuentro, sino que tambi\u00e9n crey\u00f3 necesario agregar otros aspectos y ampliar la influencia al expresar que \u201cestar\u00eda bueno la posibilidad de -cuando tengamos bien trazado ad\u00f3nde llegar y qu\u00e9 queremos potenciar en cada aspecto, como turismo producci\u00f3n, cultura, deportes e incluso la cuesti\u00f3n educativa- poder sumar a todos los intendentes comunales y empezar a firmar convenios marco\u201d.<\/p>\n<p>Antes que ello, puso el acento en la parte productiva al rememorar de su paso como presidente del Consorcio de Gesti\u00f3n de Puerto Quequ\u00e9n que \u201cten\u00edamos muchos d\u00edas al a\u00f1o sin poder operar y la obra que hicimos para transformarlo en el puerto m\u00e1s profundo de Argentina cambi\u00f3 sustancialmente la l\u00ednea de trabajo y la operatividad de nuestro puerto\u201d, por lo que \u201cnuestro puerto hoy no est\u00e1 cerrado en el transcurso del a\u00f1o por cuestiones de oleaje, ni por falta de calado, ni de seguridad n\u00e1utica, y eso cambi\u00f3 un poco la matriz productiva porque logramos hacer varias terminales y empezamos trabajar con muchos municipios que salen con su producci\u00f3n por nuestro puerto, pero hace alta fortalecer esos v\u00ednculos\u201d.<\/p>\n<p>En tal sentido, el Intendente se\u00f1al\u00f3 que \u201cmuchos de los intendentes nos ven\u00edan reclamando que Necochea se ten\u00eda que poner al frente de estas situaciones porque es el que tiene la representaci\u00f3n en el Consorcio y porque es el que mayor cercan\u00eda y conocimiento tiene con los operadores portuarios, y que de esa forma podamos ser un poco la voz de todos los municipios\u201d.<\/p>\n<div class=\"wp-block-media-text alignwide is-stacked-on-mobile\">\n<div class=\"wp-block-media-text__content\">\n<p>En virtud de ello, \u201cla gesti\u00f3n comenz\u00f3 en un contexto dif\u00edcil de Necochea, primeramente tuvimos que ordenar la situaci\u00f3n econ\u00f3mica para poner la ciudad de pie y eso nos permiti\u00f3 que hoy podamos empezar a tener una visi\u00f3n m\u00e1s regional y no tanto local solamente\u201d, argument\u00f3 Rojas, para afirmar que \u201ccreo que ha llegado el momento en el cual nos podemos potenciar como municipio regional, y en eso me parece fundamental que en esta mesa con los secretarios y directores podamos empezar a establecer convenios marco de firma entre los municipios con las diferentes tem\u00e1ticas\u201d.<\/p>\n<p>Asimismo, puso de ejemplo al rubro tur\u00edstico, al trazar la factibilidad de realizar \u201ccircuitos regionales que nos permitan interactuar como municipios y colaborar en difusi\u00f3n con los distintos eventos que van pasando, tanto culturales como sociales y deportivos\u201d.<\/p>\n<\/div>\n<\/div>\n<p>A prop\u00f3sito de esto \u00faltimo, Rojas se\u00f1al\u00f3 que \u201cme parece importante que incluyamos lo relacionado al deporte, ya que nosotros tenemos mucho turismo deportivo a lo largo del a\u00f1o y creo que es una agenda que nos sirve porque va por afuera de la temporada estival fuerte, y nos ayuda alentar el turismo durante los fines de semana largo de la temporada baja\u201d.<\/p>\n<p>Por todo ello, el m\u00e1ximo mandatario del distrito lleg\u00f3 a la conclusi\u00f3n ante los referentes de turismo de la regi\u00f3n que \u201cestoy convencido de que podemos potenciarnos mucho a nivel regional si hacemos un trabajo realmente mancomunado y serio, donde podamos ir rotando, si bien hoy hacemos el puntapi\u00e9 inicial en Necochea, debemos hacer el esfuerzo de convocar a los que todav\u00eda no hemos logrado sumar, y hacer reuniones de estas asiduamente en distintos municipios\u201d.<\/p>\n","protected":false},"excerpt":{"rendered":"<p>\u201cEstoy convencido de que podemos potenciarnos mucho a nivel regional si hacemos un trabajo realmente mancomunado y serio\u201d, afirm\u00f3 Arturo Rojas en el encuentro entre funcionarios de Producci\u00f3n, Turismo y Desarrollo Local \u00a0de municipios de la regi\u00f3n, que fue considerado como el puntapi\u00e9 de lo que ser\u00e1 la mesa de trabajo sobre los ejes mencionados. [&hellip;]<\/p>\n","protected":false},"author":3,"featured_media":98677,"comment_status":"closed","ping_status":"closed","sticky":false,"template":"","format":"standard","meta":{"footnotes":""},"categories":[3],"tags":[],"class_list":["post-98676","post","type-post","status-publish","format-standard","has-post-thumbnail","category-masnoticias"],"_links":{"self":[{"href":"https:\/\/primicias2262.com\/noticias\/wp-json\/wp\/v2\/posts\/98676","targetHints":{"allow":["GET"]}}],"collection":[{"href":"https:\/\/primicias2262.com\/noticias\/wp-json\/wp\/v2\/posts"}],"about":[{"href":"https:\/\/primicias2262.com\/noticias\/wp-json\/wp\/v2\/types\/post"}],"author":[{"embeddable":true,"href":"https:\/\/primicias2262.com\/noticias\/wp-json\/wp\/v2\/users\/3"}],"replies":[{"embeddable":true,"href":"https:\/\/primicias2262.com\/noticias\/wp-json\/wp\/v2\/comments?post=98676"}],"version-history":[{"count":0,"href":"https:\/\/primicias2262.com\/noticias\/wp-json\/wp\/v2\/posts\/98676\/revisions"}],"wp:attachment":[{"href":"https:\/\/primicias2262.com\/noticias\/wp-json\/wp\/v2\/media?parent=98676"}],"wp:term":[{"taxonomy":"category","embeddable":true,"href":"https:\/\/primicias2262.com\/noticias\/wp-json\/wp\/v2\/categories?post=98676"},{"taxonomy":"post_tag","embeddable":true,"href":"https:\/\/primicias2262.com\/noticias\/wp-json\/wp\/v2\/tags?post=98676"}],"curies":[{"name":"wp","href":"https:\/\/api.w.org\/{rel}","templated":true}]}}