{"id":98681,"date":"2023-03-25T11:42:19","date_gmt":"2023-03-25T14:42:19","guid":{"rendered":"https:\/\/primicias2262.com\/?p=98681"},"modified":"2023-03-25T11:42:19","modified_gmt":"2023-03-25T14:42:19","slug":"amplio-repudio-a-la-justicia-en-el-acto-local-por-la-memoria","status":"publish","type":"post","link":"https:\/\/primicias2262.com\/noticias\/amplio-repudio-a-la-justicia-en-el-acto-local-por-la-memoria\/","title":{"rendered":"Amplio repudio a la Justicia en el acto local por la Memoria"},"content":{"rendered":"<p>Con cr\u00edticas a los sectores de poder econ\u00f3mico, pero apuntando fuertemente a la Justicia y reivindicando a la democracia como herramienta de transformaci\u00f3n social, en un documento consensuado con otras organizaciones, la Comisi\u00f3n por la Memoria Militante record\u00f3 el 47\u00b0 aniversario del \u00faltimo golpe de Estado, bregando para que en la actualidad haya \u201cuna democracia sin proscripciones\u201d.<\/p>\n<p>Tambi\u00e9n bregaron por \u201cc\u00e1rcel com\u00fan y efectiva a todos los genocidas\u201d, rechazando las prisiones domiciliarias. Y rechazaron \u201cla judicializaci\u00f3n de la protesta social\u201d.<\/p>\n<p>El documento fue le\u00eddo en la tarde de este viernes en el Paseo de la Memoria de la Plaza \u201cDardo Rocha\u201d, luego de haberse desarrollado un festival art\u00edstico y realizado una marcha por calles c\u00e9ntricas de la ciudad, contando con un buen n\u00famero de participantes, muchos de ellos portando banderas y pancartas.<\/p>\n<p>En el documento se reclama la \u201cabsoluci\u00f3n de Pierina Nochetti ya\u201d, empleada municipal acusada de pintar con graffiti un muro del anfiteatro del Parque Lillo.<\/p>\n<p><a href=\"https:\/\/primicias2262.com\/wp-content\/uploads\/2023\/03\/Marcha-24-M-Necochea.jpg\"><img loading=\"lazy\" decoding=\"async\" class=\"aligncenter size-full wp-image-98682\" src=\"https:\/\/primicias2262.com\/wp-content\/uploads\/2023\/03\/Marcha-24-M-Necochea.jpg\" alt=\"\" width=\"850\" height=\"538\" \/><\/a><\/p>\n<p>Tambi\u00e9n se preguntan d\u00f3nde est\u00e1 Tehuel, un joven trans desaparecido en el conurbano bonaerense.<\/p>\n<p>Asimismo, exigen que se de cumplimiento al cupo laboral y travestti-trans, se reclama \u201cuna real aplicaci\u00f3n de la Educaci\u00f3n Sexual Integral (ESI) y de la interrupci\u00f3n legal del embarazo\u201d.<\/p>\n<p>En otro p\u00e1rrafo se le dice \u201cno a la militarizaci\u00f3n de Latinoam\u00e9rica\u201d, al tiempo que se reclama \u201cjusticia por los soldados torturados por sus superiores en la Guerra de Malvinas\u201d.<\/p>\n<p>Por otra parte, advirtieron que \u201ccon el FMI no hay justicia social, ni derechos humanos\u201d y finalmente recordaron a los desaparecidos durante la \u00faltima dictadura\u201d.<\/p>\n<p>Tras la lectura del documento, familiares y allegados de los necochenses desaparecidos durante aquel proceso militar gritaron presente al ser nombrados junto al monolito con el que se los recuerda en el Paseo de la Memoria.<\/p>\n<p>\u201cHoy, a casi 40 a\u00f1os de festejar el retorno a la democracia, se escuchan voces que proclaman la antipol\u00edtica. Como si eso fuese posible. Sabemos que cada acci\u00f3n humana en una sociedad es pol\u00edtica.<\/p>\n<p>Las luchas populares, las resistencias a las dictaduras, la organizaci\u00f3n de los pueblos en pos de sus derechos es pol\u00edtica.<\/p>\n<p>Los secuestros y desapariciones, las torturas y violaciones, en s\u00edntesis, el terrorismo de Estado que fue clave para aplicar un modelo econ\u00f3mico de exclusi\u00f3n de las mayor\u00edas, eso tambi\u00e9n fue pol\u00edtico\u201d, se se\u00f1ala en el texto consensuado y le\u00eddo por Lalo de la Llosa.<\/p>\n<p>Luego recordaron no s\u00f3lo el golpe de 1976 con el que se derroc\u00f3 al gobierno de \u00a0Mar\u00eda Estela Mart\u00ednez de Per\u00f3n, sino tambi\u00e9n los que dieron contra Hip\u00f3lito Yrigoyen en 1930; contra Juan Domingo Per\u00f3n en 1955; contra Arturo Frondizi en 1962 y contra Arturo Illia en 1966. En todos esos casos, se\u00f1alaron, las Fuerzas Armadas \u201cse pusieron al servicio de los sectores antipopulares\u201d.<\/p>\n<p>A criterio de estas organizaciones los golpes de Estado \u201cno fueron otra cosa que \u00a0acciones represivas contra la clase trabajadora, al desplazar gobiernos progresistas, para aplicar planes econ\u00f3micos que favorecieron a los sectores dominantes serviles al imperialismo\u201d.<\/p>\n<p>Luego embistieron contra el Poder Judicial.\u00a0 Denomin\u00e1ndolo \u201cPartido Judicial\u201d, sostienen que \u201cejerce un poder no emanado de elecci\u00f3n popular sino que se ha ido formando a trav\u00e9s del tiempo, con la famosa \u201cfamilia judicial\u201d. O sea, un enorme grupo de personas enlazadas por parentesco o afinidades de negocios y prebendas\u201d<\/p>\n<p>Celebran los 40 a\u00f1os de continuidad democr\u00e1tica, pero tambi\u00e9n denuncian \u201clos retrocesos y falencias en la satisfacci\u00f3n de las m\u00e1s elementales necesidades de nuestro pueblo en la actualidad. Luego de que empresarios fugaran miles de millones de d\u00f3lares y que el anterior gobierno tomara una descomunal e ilegal deuda con el FMI.<\/p>\n<figure class=\"wp-block-image size-full is-resized\"><img loading=\"lazy\" decoding=\"async\" class=\"wp-image-39017\" src=\"https:\/\/elciudadanonecochea.com.ar\/wp-content\/uploads\/2023\/03\/MARCHA-4.jpg\" alt=\"\" width=\"928\" height=\"341\" \/><\/figure>\n<p>Es lamentable e indignante que en esta democracia, las vidas de los 30.000 (desparecidos) no est\u00e9n siendo honradas. Anhelaban una patria sin excluidos, con justicia social, con inclusi\u00f3n, con derechos para todas y todos\u201d, Volviendo al tema de la Justicia, finalmente subrayaron que \u201cno hay \u00a0democracia sin reforma judicial\u201d, a\u00f1adiendo tambi\u00e9n que \u201cno hay democracia con violencia institucional\u201d.<\/p>\n<p><strong>Fuente: El Ciudadano Necochea<\/strong><\/p>\n","protected":false},"excerpt":{"rendered":"<p>Con cr\u00edticas a los sectores de poder econ\u00f3mico, pero apuntando fuertemente a la Justicia y reivindicando a la democracia como herramienta de transformaci\u00f3n social, en un documento consensuado con otras organizaciones, la Comisi\u00f3n por la Memoria Militante record\u00f3 el 47\u00b0 aniversario del \u00faltimo golpe de Estado, bregando para que en la actualidad haya \u201cuna democracia [&hellip;]<\/p>\n","protected":false},"author":3,"featured_media":98683,"comment_status":"closed","ping_status":"closed","sticky":false,"template":"","format":"standard","meta":{"footnotes":""},"categories":[3],"tags":[],"class_list":["post-98681","post","type-post","status-publish","format-standard","has-post-thumbnail","category-masnoticias"],"_links":{"self":[{"href":"https:\/\/primicias2262.com\/noticias\/wp-json\/wp\/v2\/posts\/98681","targetHints":{"allow":["GET"]}}],"collection":[{"href":"https:\/\/primicias2262.com\/noticias\/wp-json\/wp\/v2\/posts"}],"about":[{"href":"https:\/\/primicias2262.com\/noticias\/wp-json\/wp\/v2\/types\/post"}],"author":[{"embeddable":true,"href":"https:\/\/primicias2262.com\/noticias\/wp-json\/wp\/v2\/users\/3"}],"replies":[{"embeddable":true,"href":"https:\/\/primicias2262.com\/noticias\/wp-json\/wp\/v2\/comments?post=98681"}],"version-history":[{"count":0,"href":"https:\/\/primicias2262.com\/noticias\/wp-json\/wp\/v2\/posts\/98681\/revisions"}],"wp:attachment":[{"href":"https:\/\/primicias2262.com\/noticias\/wp-json\/wp\/v2\/media?parent=98681"}],"wp:term":[{"taxonomy":"category","embeddable":true,"href":"https:\/\/primicias2262.com\/noticias\/wp-json\/wp\/v2\/categories?post=98681"},{"taxonomy":"post_tag","embeddable":true,"href":"https:\/\/primicias2262.com\/noticias\/wp-json\/wp\/v2\/tags?post=98681"}],"curies":[{"name":"wp","href":"https:\/\/api.w.org\/{rel}","templated":true}]}}