{"id":98693,"date":"2023-03-27T13:59:56","date_gmt":"2023-03-27T16:59:56","guid":{"rendered":"https:\/\/primicias2262.com\/?p=98693"},"modified":"2023-03-27T13:59:56","modified_gmt":"2023-03-27T16:59:56","slug":"ultima-semana-de-atencion-de-8-a-13-hs-en-los-bancos","status":"publish","type":"post","link":"https:\/\/primicias2262.com\/noticias\/ultima-semana-de-atencion-de-8-a-13-hs-en-los-bancos\/","title":{"rendered":"\u00daltima semana de atenci\u00f3n de 8 a 13 hs. en los bancos"},"content":{"rendered":"<p><strong>El titular de la Bancaria local, Demian Ledesma, record\u00f3 que a partir de abril los bancos volver\u00e1n a funcionar en su horario habitual de 10 a 15.<\/strong><\/p>\n<p>Mediante una consulta telef\u00f3nica efectuada por el periodista Jorge G\u00f3mez en \u201cVoces de la Ciudad\u201d, Ledesma se\u00f1al\u00f3 que esta es la \u00faltima semana en que rige el horario matutino de los bancos privados y p\u00fablicos de 8 a 13 hs.<\/p>\n<p>\u201cSe hab\u00eda pautado un cambio de horario por temporada estival hasta el 31 de marzo, y el primer d\u00eda h\u00e1bil de abril volvemos al horario anterior, de 10 a 15, que por convenio es de 9.30 hasta 17.15 para el personal\u201d, confirm\u00f3 Ledesma. Es decir que, desde el lunes 3 de abril los bancos abrir\u00e1n a las 10 para el p\u00fablico.<\/p>\n<p>Finalmente, el gremialista se refiri\u00f3 al arreglo patronal que lograron para el primer semestre: \u201cLos bancarios tenemos una paritaria anual como todos, pero la nuestra coincide con el a\u00f1o, arranca en enero y termina en diciembre\u201d, contextualiz\u00f3, para se\u00f1alar que \u201cla coyuntura y volatilidad de la econom\u00eda nos ha impuesto condiciones diferentes y este a\u00f1o hemos firmado un acuerdo que abarca el primer semestre, o sea que a fines de mayo tenemos que sentarnos a negociar de vuelta\u201d.<\/p>\n","protected":false},"excerpt":{"rendered":"<p>El titular de la Bancaria local, Demian Ledesma, record\u00f3 que a partir de abril los bancos volver\u00e1n a funcionar en su horario habitual de 10 a 15. Mediante una consulta telef\u00f3nica efectuada por el periodista Jorge G\u00f3mez en \u201cVoces de la Ciudad\u201d, Ledesma se\u00f1al\u00f3 que esta es la \u00faltima semana en que rige el horario [&hellip;]<\/p>\n","protected":false},"author":3,"featured_media":76551,"comment_status":"closed","ping_status":"closed","sticky":false,"template":"","format":"standard","meta":{"footnotes":""},"categories":[3],"tags":[],"class_list":["post-98693","post","type-post","status-publish","format-standard","has-post-thumbnail","category-masnoticias"],"_links":{"self":[{"href":"https:\/\/primicias2262.com\/noticias\/wp-json\/wp\/v2\/posts\/98693","targetHints":{"allow":["GET"]}}],"collection":[{"href":"https:\/\/primicias2262.com\/noticias\/wp-json\/wp\/v2\/posts"}],"about":[{"href":"https:\/\/primicias2262.com\/noticias\/wp-json\/wp\/v2\/types\/post"}],"author":[{"embeddable":true,"href":"https:\/\/primicias2262.com\/noticias\/wp-json\/wp\/v2\/users\/3"}],"replies":[{"embeddable":true,"href":"https:\/\/primicias2262.com\/noticias\/wp-json\/wp\/v2\/comments?post=98693"}],"version-history":[{"count":0,"href":"https:\/\/primicias2262.com\/noticias\/wp-json\/wp\/v2\/posts\/98693\/revisions"}],"wp:attachment":[{"href":"https:\/\/primicias2262.com\/noticias\/wp-json\/wp\/v2\/media?parent=98693"}],"wp:term":[{"taxonomy":"category","embeddable":true,"href":"https:\/\/primicias2262.com\/noticias\/wp-json\/wp\/v2\/categories?post=98693"},{"taxonomy":"post_tag","embeddable":true,"href":"https:\/\/primicias2262.com\/noticias\/wp-json\/wp\/v2\/tags?post=98693"}],"curies":[{"name":"wp","href":"https:\/\/api.w.org\/{rel}","templated":true}]}}