{"id":98695,"date":"2023-03-27T14:04:31","date_gmt":"2023-03-27T17:04:31","guid":{"rendered":"https:\/\/primicias2262.com\/?p=98695"},"modified":"2023-03-27T14:04:31","modified_gmt":"2023-03-27T17:04:31","slug":"puesta-en-valor-del-municipio-se-da-en-el-marco-de-la-recuperacion-de-espacios-comunes","status":"publish","type":"post","link":"https:\/\/primicias2262.com\/noticias\/puesta-en-valor-del-municipio-se-da-en-el-marco-de-la-recuperacion-de-espacios-comunes\/","title":{"rendered":"Puesta en valor del municipio: \u201cSe da en el marco de la recuperaci\u00f3n de espacios comunes\u201d"},"content":{"rendered":"<p><strong>As\u00ed lo ubic\u00f3 el secretario de Obras P\u00fablicas, Adri\u00e1n Furno, quien en charla telef\u00f3nica con \u201cVoces de la Ciudad\u201d inform\u00f3 sobre las obras de recuperaci\u00f3n que se realizan en el frente e interior del edificio de la Municipalidad, conocido hist\u00f3ricamente como Palacio Municipal.<\/strong><\/p>\n<p>Al ser consultado por el periodista Jorge G\u00f3mez acerca de dicho \u00edtem en la agenda, Furno aclar\u00f3 que \u201cse est\u00e1 haciendo la pintura del frente del municipio y las partes internas\u2026 es la recuperaci\u00f3n del edificio municipal que hac\u00eda muchos a\u00f1os que no se retocaba ni se hac\u00edan tareas de mantenimiento\u201d.<\/p>\n<p>El de la Municipalidad \u201ces uno de los edificios a recuperar en conjunto con otros, como el de Turismo con los techos, el techo del CPA o el trabajo en los CAPS, es decir, en un mont\u00f3n de lugares que son municipales y tambi\u00e9n lo estamos haciendo en el edificio del Centro C\u00edvico\u201d, resalt\u00f3 el funcionario.<\/p>\n<p>Seguidamente explic\u00f3 que se realiza algo similar a lo que desarrollael Ing. Gustavo Pardal en la Parroquia Santa Mar\u00eda del Carmen, pero en este caso con la recuperaci\u00f3n del municipio: \u201cSe realiza con un color crema, uno m\u00e1s oscuro y otro m\u00e1s claro en el frente del edificio, y en su interior se combinan el gris y el blanco, desde la parte superior en Obras P\u00fablicas hasta el hall central donde est\u00e1 el Intendente y hacia abajo donde est\u00e1 el Concejo Deliberante\u201d, especific\u00f3.<\/p>\n<p>Luego se refiri\u00f3 a la posteridad de estas tareas, se\u00f1alando que \u201cse encarar\u00e1 el edifico contiguo al de la Municipalidad (yendo hacia 61) que tambi\u00e9n cuenta con oficinas municipales, todo en el marco de la recuperaci\u00f3n de espacios comunes. Hac\u00eda un mont\u00f3n de a\u00f1os que no se hac\u00eda nada y de a poco los vamos recuperando para dar una vista agradable a los vecinos que visitan estos lugares a diario\u201d.<\/p>\n<p>Por \u00faltimo, Furno indic\u00f3 que tales trabajos se desarrollan durante los fines de semana y fuera de los horarios comunes de trabajo. \u201cLa parte interna los d\u00edas de semana pero despu\u00e9s de las tres de la tarde\u2026 la idea es dejar lindo todo el frente y seguir trabajando en la recuperaci\u00f3n de espacios p\u00fablicos\u201d, concluy\u00f3.<\/p>\n","protected":false},"excerpt":{"rendered":"<p>As\u00ed lo ubic\u00f3 el secretario de Obras P\u00fablicas, Adri\u00e1n Furno, quien en charla telef\u00f3nica con \u201cVoces de la Ciudad\u201d inform\u00f3 sobre las obras de recuperaci\u00f3n que se realizan en el frente e interior del edificio de la Municipalidad, conocido hist\u00f3ricamente como Palacio Municipal. Al ser consultado por el periodista Jorge G\u00f3mez acerca de dicho \u00edtem [&hellip;]<\/p>\n","protected":false},"author":3,"featured_media":98696,"comment_status":"closed","ping_status":"closed","sticky":false,"template":"","format":"standard","meta":{"footnotes":""},"categories":[3],"tags":[],"class_list":["post-98695","post","type-post","status-publish","format-standard","has-post-thumbnail","category-masnoticias"],"_links":{"self":[{"href":"https:\/\/primicias2262.com\/noticias\/wp-json\/wp\/v2\/posts\/98695","targetHints":{"allow":["GET"]}}],"collection":[{"href":"https:\/\/primicias2262.com\/noticias\/wp-json\/wp\/v2\/posts"}],"about":[{"href":"https:\/\/primicias2262.com\/noticias\/wp-json\/wp\/v2\/types\/post"}],"author":[{"embeddable":true,"href":"https:\/\/primicias2262.com\/noticias\/wp-json\/wp\/v2\/users\/3"}],"replies":[{"embeddable":true,"href":"https:\/\/primicias2262.com\/noticias\/wp-json\/wp\/v2\/comments?post=98695"}],"version-history":[{"count":0,"href":"https:\/\/primicias2262.com\/noticias\/wp-json\/wp\/v2\/posts\/98695\/revisions"}],"wp:attachment":[{"href":"https:\/\/primicias2262.com\/noticias\/wp-json\/wp\/v2\/media?parent=98695"}],"wp:term":[{"taxonomy":"category","embeddable":true,"href":"https:\/\/primicias2262.com\/noticias\/wp-json\/wp\/v2\/categories?post=98695"},{"taxonomy":"post_tag","embeddable":true,"href":"https:\/\/primicias2262.com\/noticias\/wp-json\/wp\/v2\/tags?post=98695"}],"curies":[{"name":"wp","href":"https:\/\/api.w.org\/{rel}","templated":true}]}}