{"id":98699,"date":"2023-03-27T14:16:26","date_gmt":"2023-03-27T17:16:26","guid":{"rendered":"https:\/\/primicias2262.com\/?p=98699"},"modified":"2023-03-27T14:16:26","modified_gmt":"2023-03-27T17:16:26","slug":"agua-cloaca-iluminacion-y-cordon-cuneta-las-obras-basicas-que-pide-la-gente","status":"publish","type":"post","link":"https:\/\/primicias2262.com\/noticias\/agua-cloaca-iluminacion-y-cordon-cuneta-las-obras-basicas-que-pide-la-gente\/","title":{"rendered":"Agua, cloaca, iluminaci\u00f3n y cord\u00f3n cuneta, las obras b\u00e1sicas que pide la gente"},"content":{"rendered":"<p><strong>As\u00ed lo se\u00f1al\u00f3 Adri\u00e1n Furno durante una nota telef\u00f3nica realizada por el periodista Jorge G\u00f3mez. El secretario de Obras P\u00fablicas de la comuna lo hizo en la v\u00edspera de una apertura de sobres por una obra de cloacas y agua por casi 30 millones de pesos que beneficiar\u00e1 a m\u00e1s de 250 familias.<\/strong><\/p>\n<p>Al ser consultado por dicha licitaci\u00f3n por casi 30 millones de pesos para este martes 28 en el municipio, el funcionario inform\u00f3 en \u201cVoces de la Ciudad\u201d que \u201ces una obra que viene a beneficiar a m\u00e1s de 250 familias, y se trata de muchos expedientes de agua y cloaca en Necochea y Quequ\u00e9n que estaban pendientes\u201d.<\/p>\n<p>A partir de ello, \u201cel fin es hacer peque\u00f1as conexiones para terminar con conexiones clandestinas, e incluso hab\u00eda mucha gente que directamente no ten\u00eda conexi\u00f3n, algo similar a lo que se hizo en el Barrio estaci\u00f3n Quequ\u00e9n, en Eucaliptus y lo que se hace mediante el convenio vecino municipio\u201d, acot\u00f3.<\/p>\n<p><a href=\"https:\/\/primicias2262.com\/wp-content\/uploads\/2022\/10\/Furno.jpeg\"><img loading=\"lazy\" decoding=\"async\" class=\"aligncenter size-full wp-image-94463\" src=\"https:\/\/primicias2262.com\/wp-content\/uploads\/2022\/10\/Furno.jpeg\" alt=\"\" width=\"695\" height=\"442\" \/><\/a>Fue en ese sentido que Furno se\u00f1al\u00f3 que \u201cagua, cloaca, iluminaci\u00f3n y cord\u00f3n cuneta son las obras b\u00e1sicas que nos pide la gente y que tenemos en carpeta\u201d, y lo que m\u00e1s abunda entre los reclamos en la Oficina M\u00f3vil municipal.<\/p>\n<p>Finalmente, abri\u00f3 un par\u00e9ntesis con los temas de transporte, relacionados al futuro de la millonaria puesta en valor de la Playa Municipal de Camiones y de la Terminal de \u00d3mnibus: \u201cEstamos en una etapa de intercambio con la parte t\u00e9cnica de Transporte de Naci\u00f3n, tanto para la Playa de Camiones como para la Terminal de \u00d3mnibus\u201d, adelant\u00f3, agregando que \u201cla decisi\u00f3n pol\u00edtica est\u00e1 de que se va a hacer, aunque estamos en ese proceso y una vez que se apruebe el convenio con el monto se har\u00e1 la licitaci\u00f3n. Tenemos que hacer un proyecto que quede bien, sin apuros, aunque sea un a\u00f1o electoral, para que la Terminal quede moderna y mucho mejor\u201d, culmin\u00f3.<\/p>\n","protected":false},"excerpt":{"rendered":"<p>As\u00ed lo se\u00f1al\u00f3 Adri\u00e1n Furno durante una nota telef\u00f3nica realizada por el periodista Jorge G\u00f3mez. El secretario de Obras P\u00fablicas de la comuna lo hizo en la v\u00edspera de una apertura de sobres por una obra de cloacas y agua por casi 30 millones de pesos que beneficiar\u00e1 a m\u00e1s de 250 familias. Al ser [&hellip;]<\/p>\n","protected":false},"author":3,"featured_media":81017,"comment_status":"closed","ping_status":"closed","sticky":false,"template":"","format":"standard","meta":{"footnotes":""},"categories":[3],"tags":[],"class_list":["post-98699","post","type-post","status-publish","format-standard","has-post-thumbnail","category-masnoticias"],"_links":{"self":[{"href":"https:\/\/primicias2262.com\/noticias\/wp-json\/wp\/v2\/posts\/98699","targetHints":{"allow":["GET"]}}],"collection":[{"href":"https:\/\/primicias2262.com\/noticias\/wp-json\/wp\/v2\/posts"}],"about":[{"href":"https:\/\/primicias2262.com\/noticias\/wp-json\/wp\/v2\/types\/post"}],"author":[{"embeddable":true,"href":"https:\/\/primicias2262.com\/noticias\/wp-json\/wp\/v2\/users\/3"}],"replies":[{"embeddable":true,"href":"https:\/\/primicias2262.com\/noticias\/wp-json\/wp\/v2\/comments?post=98699"}],"version-history":[{"count":0,"href":"https:\/\/primicias2262.com\/noticias\/wp-json\/wp\/v2\/posts\/98699\/revisions"}],"wp:attachment":[{"href":"https:\/\/primicias2262.com\/noticias\/wp-json\/wp\/v2\/media?parent=98699"}],"wp:term":[{"taxonomy":"category","embeddable":true,"href":"https:\/\/primicias2262.com\/noticias\/wp-json\/wp\/v2\/categories?post=98699"},{"taxonomy":"post_tag","embeddable":true,"href":"https:\/\/primicias2262.com\/noticias\/wp-json\/wp\/v2\/tags?post=98699"}],"curies":[{"name":"wp","href":"https:\/\/api.w.org\/{rel}","templated":true}]}}