{"id":98712,"date":"2023-03-27T14:50:00","date_gmt":"2023-03-27T17:50:00","guid":{"rendered":"https:\/\/primicias2262.com\/?p=98712"},"modified":"2023-03-27T14:50:00","modified_gmt":"2023-03-27T17:50:00","slug":"la-campana-antigripal-inicio-con-la-inoculacion-a-personal-de-salud-menores-de-dos-anos-y-embarazadas","status":"publish","type":"post","link":"https:\/\/primicias2262.com\/noticias\/la-campana-antigripal-inicio-con-la-inoculacion-a-personal-de-salud-menores-de-dos-anos-y-embarazadas\/","title":{"rendered":"La campa\u00f1a antigripal inici\u00f3 con la inoculaci\u00f3n a personal de salud, menores de dos a\u00f1os y embarazadas"},"content":{"rendered":"<p><strong>La campa\u00f1a nacional se desarrolla en los centros de atenci\u00f3n primaria de salud y unidades sanitarias del distrito, adem\u00e1s de en el Hospital Municipal \u201cJos\u00e9 Irurzun\u201d de Quequ\u00e9n. \u201cEsta semana vamos a recibir cantidad para comenzar con los grupos de riesgo y mayores\u201d, explic\u00f3 la coordinadora Paola Fern\u00e1ndez.<\/strong><\/p>\n<p>Respetando las prioridades exigidas por el Ministerio de Salud nacional, la Municipalidad de Necochea comenz\u00f3 a implementar la campa\u00f1a 2023 de vacunaci\u00f3n antigripal que, en primera instancia, est\u00e1 dirigida al personal sanitario y tambi\u00e9n a los menores de 2 a\u00f1os de edad.<\/p>\n<p>Las primeras dosis que llegaron desde la cartera corresponden justamente a estos dos grupos prioritarios, destac\u00e1ndose que la aplicaci\u00f3n en ni\u00f1os y ni\u00f1as es entre los 6 y los 24 meses de edad.<\/p>\n<p>Una vez recibidos los otros complementos, el operativo se extender\u00e1 hacia las\u00a0personas gestantes\u00a0(en cualquier momento del embarazo),\u00a0pu\u00e9rperas\u00a0(antes del egreso de la maternidad), de 2 a 64 a\u00f1os con factores de riesgo y poblaci\u00f3n general a partir de los 65 a\u00f1os.<\/p>\n<p>As\u00ed lo confirm\u00f3 la referente de vacunaci\u00f3n local, Paola Fern\u00e1ndez, quien detall\u00f3: \u201cLlegaron vacunas para el personal de salud y para menores de 2 a\u00f1os. La vacunaci\u00f3n est\u00e1 destinada a ese grupo etario en primer lugar, embarazadas y pu\u00e9rperas\u201d.<\/p>\n<p>\u201cLuego, se continuar\u00e1 con los factores de riesgo entre 2 y 64 a\u00f1os, con indicaci\u00f3n m\u00e9dica, y con los mayores de 65 que tambi\u00e9n est\u00e1n incluidos en la vacunaci\u00f3n antigripal sin la necesidad de indicaci\u00f3n m\u00e9dica\u201d, explic\u00f3 la agente de la Secretar\u00eda de Salud de la comuna, \u00e1rea que encabeza Andrea Perestiuk.<\/p>\n<p>\u201cEstamos todav\u00eda en la etapa de personal de Salud, embarazadas y menores de 2 a\u00f1os. Ya para esta semana vamos a recibir cantidad para comenzar con los grupos de riesgo y mayores\u201d, defini\u00f3 la coordinadora.<\/p>\n<p>Vale destacar que este tipo de operativos tiene desarrollo en todos los centros de atenci\u00f3n primaria de salud y unidades sanitarias del distrito, con horarios de atenci\u00f3n entre las 8 y las 14, en la mayor\u00eda de los casos, adem\u00e1s de en el Hospital Municipal \u201cJos\u00e9 Irurzun\u201d de Quequ\u00e9n.<\/p>\n","protected":false},"excerpt":{"rendered":"<p>La campa\u00f1a nacional se desarrolla en los centros de atenci\u00f3n primaria de salud y unidades sanitarias del distrito, adem\u00e1s de en el Hospital Municipal \u201cJos\u00e9 Irurzun\u201d de Quequ\u00e9n. \u201cEsta semana vamos a recibir cantidad para comenzar con los grupos de riesgo y mayores\u201d, explic\u00f3 la coordinadora Paola Fern\u00e1ndez. Respetando las prioridades exigidas por el Ministerio [&hellip;]<\/p>\n","protected":false},"author":3,"featured_media":75739,"comment_status":"closed","ping_status":"closed","sticky":false,"template":"","format":"standard","meta":{"footnotes":""},"categories":[3],"tags":[],"class_list":["post-98712","post","type-post","status-publish","format-standard","has-post-thumbnail","category-masnoticias"],"_links":{"self":[{"href":"https:\/\/primicias2262.com\/noticias\/wp-json\/wp\/v2\/posts\/98712","targetHints":{"allow":["GET"]}}],"collection":[{"href":"https:\/\/primicias2262.com\/noticias\/wp-json\/wp\/v2\/posts"}],"about":[{"href":"https:\/\/primicias2262.com\/noticias\/wp-json\/wp\/v2\/types\/post"}],"author":[{"embeddable":true,"href":"https:\/\/primicias2262.com\/noticias\/wp-json\/wp\/v2\/users\/3"}],"replies":[{"embeddable":true,"href":"https:\/\/primicias2262.com\/noticias\/wp-json\/wp\/v2\/comments?post=98712"}],"version-history":[{"count":0,"href":"https:\/\/primicias2262.com\/noticias\/wp-json\/wp\/v2\/posts\/98712\/revisions"}],"wp:attachment":[{"href":"https:\/\/primicias2262.com\/noticias\/wp-json\/wp\/v2\/media?parent=98712"}],"wp:term":[{"taxonomy":"category","embeddable":true,"href":"https:\/\/primicias2262.com\/noticias\/wp-json\/wp\/v2\/categories?post=98712"},{"taxonomy":"post_tag","embeddable":true,"href":"https:\/\/primicias2262.com\/noticias\/wp-json\/wp\/v2\/tags?post=98712"}],"curies":[{"name":"wp","href":"https:\/\/api.w.org\/{rel}","templated":true}]}}