{"id":98714,"date":"2023-03-27T14:51:55","date_gmt":"2023-03-27T17:51:55","guid":{"rendered":"https:\/\/primicias2262.com\/?p=98714"},"modified":"2023-03-27T14:51:55","modified_gmt":"2023-03-27T17:51:55","slug":"el-fin-de-semana-seran-los-festejos-por-el-114o-aniversario-de-juan-n-fernandez","status":"publish","type":"post","link":"https:\/\/primicias2262.com\/noticias\/el-fin-de-semana-seran-los-festejos-por-el-114o-aniversario-de-juan-n-fernandez\/","title":{"rendered":"El fin de semana ser\u00e1n los festejos por el 114\u00ba Aniversario de Juan N. Fern\u00e1ndez"},"content":{"rendered":"<p><strong>Este martes 28 de marzo se cumple un nuevo aniversario de la localidad, aunque las celebraciones se realizar\u00e1n el s\u00e1bado 1\u00ba y el domingo 2 de abril alrededor de la Plaza Independencia.<\/strong><\/p>\n<p>Este martes 28 de marzo la localidad de Juan N. Fern\u00e1ndez estar\u00e1 cumpliendo su 114\u00ba Aniversario, y en cuanto a las celebraciones, el delegado municipal Guillermo Schuenemann inform\u00f3 que se realizar\u00e1n el venidero fin de semana, tanto el s\u00e1bado1\u00ba como el domingo 2 de abril.<\/p>\n<p>El funcionario lo confirm\u00f3 al se\u00f1alar que \u201cpensamos que despu\u00e9s de estos a\u00f1os de pandemia y lo que hemos pasado merec\u00edamos un festejo grande y lindo, por eso hemos decidido pasar los festejos del aniversario para el s\u00e1bado 1 y domingo 2 de abril\u201d. Los mismos se desarrollar\u00e1n en calles 26 y 37, en inmediaciones de la Delegaci\u00f3n Municipal y la Plaza Independencia.<\/p>\n<p>Schuenemann puntualiz\u00f3 que el inicio del festejo ser\u00e1 con el acto protocolar el pr\u00f3ximo s\u00e1bado a partir de las 11. Luego se realizar\u00e1 el cl\u00e1sico desfile por las calles y el corte de torta, mientras que por la tarde se desarrollar\u00e1n eventos musicales con artistas locales y de la zona.<\/p>\n<p>El escenario estar\u00e1 ubicado precisamente en 26 y 37, \u201cun lugar muy lindo al lado de la plaza donde la gente va a poder estar c\u00f3moda, pasear y divertirse\u201d, precis\u00f3 Schuenemann, ya que habr\u00e1 paseos comerciales y stands gastron\u00f3micos.<\/p>\n<p>En tanto, el domingo continuar\u00e1n las celebraciones con una serie de eventos y a 41 a\u00f1os de la Gesta de Malvinas se realizar\u00e1 una ceremonia alusiva en el monumento. Para culminar los festejos de aniversario habr\u00e1 artistas locales y el cierre con un baile para todo el pueblo.<\/p>\n<p>Consciente del accionar en conjunto que marca la impronta de la gesti\u00f3n del intendente Arturo Rojas, Schuenemann asegur\u00f3 que \u201cvenimos trabajando siempre muy cerca de las instituciones, se est\u00e1n normalizando muchas de ellas junto a Relaciones con la Comunidad y Personer\u00eda Jur\u00eddica y hay una muy buena relaci\u00f3n entre la Delegaci\u00f3n y las instituciones intermedias, y tambi\u00e9n estaremos acompa\u00f1ados de las escuelas y dem\u00e1s\u201d.<\/p>\n<p>Respecto a la localidad en s\u00ed, el delegado no soslay\u00f3 que \u201chan sido a\u00f1os dif\u00edciles, sobre todo en el comienzo con deudas y problemas, pero a\u00f1o a a\u00f1o hemos estado cada vez mejor: actualmente estamos terminando algunas obras como la de cord\u00f3n cuneta y la construcci\u00f3n de nuevos nichos para el cementerio local, que era algo que la gente ven\u00eda pidiendo desde hace mucho tiempo\u201d, y en simult\u00e1neo a ello \u00absiempre estamos manteniendo las calles, gracias a la desmalezadora y el tractor que pudimos adquirir en nuestra gesti\u00f3n. Son herramientas muy \u00fatiles para que podamos cuidar los espacios p\u00fablicos y las calles de tierra\u201d.<\/p>\n","protected":false},"excerpt":{"rendered":"<p>Este martes 28 de marzo se cumple un nuevo aniversario de la localidad, aunque las celebraciones se realizar\u00e1n el s\u00e1bado 1\u00ba y el domingo 2 de abril alrededor de la Plaza Independencia. Este martes 28 de marzo la localidad de Juan N. Fern\u00e1ndez estar\u00e1 cumpliendo su 114\u00ba Aniversario, y en cuanto a las celebraciones, el [&hellip;]<\/p>\n","protected":false},"author":3,"featured_media":74404,"comment_status":"closed","ping_status":"closed","sticky":false,"template":"","format":"standard","meta":{"footnotes":""},"categories":[3],"tags":[],"class_list":["post-98714","post","type-post","status-publish","format-standard","has-post-thumbnail","category-masnoticias"],"_links":{"self":[{"href":"https:\/\/primicias2262.com\/noticias\/wp-json\/wp\/v2\/posts\/98714","targetHints":{"allow":["GET"]}}],"collection":[{"href":"https:\/\/primicias2262.com\/noticias\/wp-json\/wp\/v2\/posts"}],"about":[{"href":"https:\/\/primicias2262.com\/noticias\/wp-json\/wp\/v2\/types\/post"}],"author":[{"embeddable":true,"href":"https:\/\/primicias2262.com\/noticias\/wp-json\/wp\/v2\/users\/3"}],"replies":[{"embeddable":true,"href":"https:\/\/primicias2262.com\/noticias\/wp-json\/wp\/v2\/comments?post=98714"}],"version-history":[{"count":0,"href":"https:\/\/primicias2262.com\/noticias\/wp-json\/wp\/v2\/posts\/98714\/revisions"}],"wp:attachment":[{"href":"https:\/\/primicias2262.com\/noticias\/wp-json\/wp\/v2\/media?parent=98714"}],"wp:term":[{"taxonomy":"category","embeddable":true,"href":"https:\/\/primicias2262.com\/noticias\/wp-json\/wp\/v2\/categories?post=98714"},{"taxonomy":"post_tag","embeddable":true,"href":"https:\/\/primicias2262.com\/noticias\/wp-json\/wp\/v2\/tags?post=98714"}],"curies":[{"name":"wp","href":"https:\/\/api.w.org\/{rel}","templated":true}]}}