{"id":98718,"date":"2023-03-28T08:12:14","date_gmt":"2023-03-28T11:12:14","guid":{"rendered":"https:\/\/primicias2262.com\/?p=98718"},"modified":"2023-03-28T08:12:14","modified_gmt":"2023-03-28T11:12:14","slug":"la-provincia-declaro-la-emergencia-agropecuaria-para-el-distrito-de-necochea","status":"publish","type":"post","link":"https:\/\/primicias2262.com\/noticias\/la-provincia-declaro-la-emergencia-agropecuaria-para-el-distrito-de-necochea\/","title":{"rendered":"La Provincia declar\u00f3 la Emergencia Agropecuaria para el distrito de Necochea"},"content":{"rendered":"<p><strong>La Secretar\u00eda de Turismo y Desarrollo Productivo de la Municipalidad de Necochea, a trav\u00e9s de la Direcci\u00f3n de Desarrollo Comercial, Industrial y Agropecuario, inform\u00f3 esta tarde que, en el d\u00eda de la fecha, qued\u00f3 oficialmente recibida la notificaci\u00f3n acerca de la promulgaci\u00f3n del Decreto Provincial 2023-393 del corriente a\u00f1o, por medio del cual se declara la Emergencia y\/o Desastre Agropecuario para la totalidad del partido de Necochea.<\/strong><\/p>\n<p>De acuerdo a la Ley N\u00b0 10.390 y modificatorias, la normativa rige para las explotaciones rurales afectadas por sequ\u00eda durante el per\u00edodo comprendido entre el 1\u00b0 de julio de 2022 y el 31 de marzo de 2023, considerando la cr\u00edtica situaci\u00f3n que vienen atravesando los productores y luego de ser elevada la solicitud por la propia comuna al Gobierno provincial, tras reunirse la Comisi\u00f3n de Emergencia Agropecuaria Local.<\/p>\n<p>Cabe destacar que, anteriormente, en la reuni\u00f3n ordinaria de la Comisi\u00f3n de Emergencia y Desastre Agropecuario de la provincia de Buenos Aires (CEDABA), el pasado 23 de febrero, se propuso declarar el Estado de Emergencia y\/o Desastre Agropecuario para la totalidad del Partido de Necochea, conforme surge del Acta N\u00b0 276 y de las evaluaciones t\u00e9cnicas pertinentes.<\/p>\n<p>Por otra parte, dicha mesa se ha vuelto a reunir el pasado 23 de marzo y ha recomendado prorrogar la declaraci\u00f3n de emergencia y\/o desastre para la totalidad del partido por sequ\u00eda para el periodo comprendido entre el 1\u00b0 de abril de 2023 y hasta el 31 de agosto de este a\u00f1o (Acta N\u00b0 277).<\/p>\n<p>Para poder acceder a los distintos beneficios, los productores rurales que han visto afectada su capacidad productiva a causa de las condiciones clim\u00e1ticas deber\u00e1n presentar una Declaraci\u00f3n Jurada \u00fanica por afectado en un per\u00edodo m\u00e1ximo de 10 d\u00edas a partir de la promulgaci\u00f3n del Decreto, informando todas las partidas que componen su unidad productiva, ya sea en condici\u00f3n de arrendamiento o propiedad.<\/p>\n<p>Esta documentaci\u00f3n deber\u00e1 ser presentada a la Direcci\u00f3n de Desarrollo Comercial Industrial y Agropecuario de la comuna, en sus oficinas de Avenida 2 N\u00b0 4301, durante los pr\u00f3ximos d\u00edas para que pueda ser elevada.<\/p>\n<p>En el marco de la emergencia, y durante la vigencia de la misma, los solicitantes aprobados podr\u00e1n acceder a l\u00edneas de cr\u00e9dito espec\u00edficas del Banco Provincia, medidas conducentes al otorgamiento de beneficios tributarios por parte de la Agencia de Recaudaci\u00f3n de la Provincia de Buenos Aires (ARBA) y, para los productores que desarrollen la explotaci\u00f3n agropecuaria como actividad principal en los establecimientos del partido, la exenci\u00f3n del impuesto Inmobiliario Rural correspondiente en el porcentaje de afectaci\u00f3n.<\/p>\n<p>Las actividades alcanzadas con esta medida son: Agropecuaria, Ap\u00edcola, Frut\u00edcola, Hort\u00edcola y Flor\u00edcola. Cada actividad tiene un formulario de DDJJ espec\u00edfico para la actividad, los cuales pueden ser descargados en los links que aparecen adjuntos debajo de esta nota, en la bio de Instagram de la cuenta @produccionnecochea, o solicitarse por mail a produccion@necochea.gov.ar.<\/p>\n<p><a href=\"https:\/\/necochea.gov.ar\/wp-content\/uploads\/2023\/03\/Declaracion_DDJJ_horticultores_floricultores_fruticultores-1.pdf\" target=\"_blank\" rel=\"noopener\"><strong>DECLARACI\u00d3N Horticultura<\/strong><\/a><\/p>\n<p><a href=\"https:\/\/necochea.gov.ar\/wp-content\/uploads\/2023\/03\/Declaracion_ddjj_agropecuaria.pdf\" target=\"_blank\" rel=\"noopener\"><strong>DECLARACI\u00d3N Agropecuaria<\/strong><\/a><\/p>\n<p><a href=\"https:\/\/necochea.gov.ar\/wp-content\/uploads\/2023\/03\/Declaracion_DDJJ_Apicolas.pdf\" target=\"_blank\" rel=\"noopener\"><strong>DECLARACI\u00d3N Apicultura<\/strong><\/a><\/p>\n","protected":false},"excerpt":{"rendered":"<p>La Secretar\u00eda de Turismo y Desarrollo Productivo de la Municipalidad de Necochea, a trav\u00e9s de la Direcci\u00f3n de Desarrollo Comercial, Industrial y Agropecuario, inform\u00f3 esta tarde que, en el d\u00eda de la fecha, qued\u00f3 oficialmente recibida la notificaci\u00f3n acerca de la promulgaci\u00f3n del Decreto Provincial 2023-393 del corriente a\u00f1o, por medio del cual se declara [&hellip;]<\/p>\n","protected":false},"author":3,"featured_media":93706,"comment_status":"closed","ping_status":"closed","sticky":false,"template":"","format":"standard","meta":{"footnotes":""},"categories":[3],"tags":[],"class_list":["post-98718","post","type-post","status-publish","format-standard","has-post-thumbnail","category-masnoticias"],"_links":{"self":[{"href":"https:\/\/primicias2262.com\/noticias\/wp-json\/wp\/v2\/posts\/98718","targetHints":{"allow":["GET"]}}],"collection":[{"href":"https:\/\/primicias2262.com\/noticias\/wp-json\/wp\/v2\/posts"}],"about":[{"href":"https:\/\/primicias2262.com\/noticias\/wp-json\/wp\/v2\/types\/post"}],"author":[{"embeddable":true,"href":"https:\/\/primicias2262.com\/noticias\/wp-json\/wp\/v2\/users\/3"}],"replies":[{"embeddable":true,"href":"https:\/\/primicias2262.com\/noticias\/wp-json\/wp\/v2\/comments?post=98718"}],"version-history":[{"count":0,"href":"https:\/\/primicias2262.com\/noticias\/wp-json\/wp\/v2\/posts\/98718\/revisions"}],"wp:attachment":[{"href":"https:\/\/primicias2262.com\/noticias\/wp-json\/wp\/v2\/media?parent=98718"}],"wp:term":[{"taxonomy":"category","embeddable":true,"href":"https:\/\/primicias2262.com\/noticias\/wp-json\/wp\/v2\/categories?post=98718"},{"taxonomy":"post_tag","embeddable":true,"href":"https:\/\/primicias2262.com\/noticias\/wp-json\/wp\/v2\/tags?post=98718"}],"curies":[{"name":"wp","href":"https:\/\/api.w.org\/{rel}","templated":true}]}}