{"id":98737,"date":"2023-03-28T09:19:52","date_gmt":"2023-03-28T12:19:52","guid":{"rendered":"https:\/\/primicias2262.com\/?p=98737"},"modified":"2023-03-28T09:19:52","modified_gmt":"2023-03-28T12:19:52","slug":"se-realizo-el-cuadrangular-memoria-verdad-y-justicia-en-el-barrio-los-naranjos","status":"publish","type":"post","link":"https:\/\/primicias2262.com\/noticias\/se-realizo-el-cuadrangular-memoria-verdad-y-justicia-en-el-barrio-los-naranjos\/","title":{"rendered":"Se realiz\u00f3 el cuadrangular \u201cMemoria, Verdad y Justicia\u201d en el Barrio Los Naranjos"},"content":{"rendered":"<p><strong>Este s\u00e1bado se vivi\u00f3 en el barrio Los Naranjos el cuadrangular \u201cMemoria, Verdad y Justicia\u201d, organizado por la Secretar\u00eda de Deportes del Movimiento Evita a cargo de Fernando Parada y Araceli N\u00fa\u00f1ez, en el que participaron las escuelas de f\u00fatbol de los barrios \u00c1lamos, Naranjos, Terminal y Seis Esquinas.<\/strong><\/p>\n<p>Desde la organizaci\u00f3n rescataron que se vivi\u00f3 una jornada emocionante y llena de valores compartidos, con la presencia de miembros de la Comisi\u00f3n por la Memoria Militante de Necochea, representada por Juan Carlos De Francisco, Made Zubiri y Lalo De La Llosa. \u00c9ste \u00faltimo record\u00f3 la importancia de promover el deporte social y popular como parte de la lucha por la memoria y la justicia.<\/p>\n<p>Por su parte, Luciano Lescano, responsable del Movimiento Evita junto a Roc\u00edo Mateo y Diego Britos, expres\u00f3 que es importante que las nuevas generaciones valoren la democracia, la libertad, la libertad de jugar al f\u00fatbol, \u201cde encontrarnos\u201d. Recalc\u00f3 durante la jornada que \u201ces importante que no vuelva a pasar nunca m\u00e1s una dictadura en nuestro pa\u00eds y eso depende tambi\u00e9n de ustedes, chicos\u201d.<\/p>\n<p><a href=\"https:\/\/primicias2262.com\/wp-content\/uploads\/2023\/03\/cuadrangular-naranjos.jpg\"><img loading=\"lazy\" decoding=\"async\" class=\"aligncenter size-full wp-image-98738\" src=\"https:\/\/primicias2262.com\/wp-content\/uploads\/2023\/03\/cuadrangular-naranjos.jpg\" alt=\"\" width=\"1080\" height=\"720\" \/><\/a>\u00abQueremos felicitar a las y los profes, a los chicos y chicas y a sobre todo a las familias que hoy nos acompa\u00f1an, por su dedicaci\u00f3n y compromiso en este emotivo encuentro\u00bb, finaliz\u00f3.<\/p>\n<p>La jornada de f\u00fatbol mixto infantil cont\u00f3 con la participaci\u00f3n de alrededor de 200 personas, entre quienes figuraron m\u00e1s de 80 jugadores y jugadoras.<\/p>\n<p>Acompa\u00f1aron el encuentro miembros del Colectivo por la memoria como Patricia Aranda (UTEP Evita) y Clara Spada ( UTEP &#8211; Pueblo Unido) y Secretar\u00eda de salud, educaci\u00f3n y juventud del Movimiento Evita.<\/p>\n<p>Como resultado del cuadrangular sali\u00f3 campeona la escuela de f\u00fatbol de Barrio Terminal, quien festej\u00f3 y celebr\u00f3 junto a las restantes escuelas mientras compartieron una merienda como cierre de la extensa jornada.<\/p>\n","protected":false},"excerpt":{"rendered":"<p>Este s\u00e1bado se vivi\u00f3 en el barrio Los Naranjos el cuadrangular \u201cMemoria, Verdad y Justicia\u201d, organizado por la Secretar\u00eda de Deportes del Movimiento Evita a cargo de Fernando Parada y Araceli N\u00fa\u00f1ez, en el que participaron las escuelas de f\u00fatbol de los barrios \u00c1lamos, Naranjos, Terminal y Seis Esquinas. Desde la organizaci\u00f3n rescataron que se [&hellip;]<\/p>\n","protected":false},"author":3,"featured_media":98739,"comment_status":"closed","ping_status":"closed","sticky":false,"template":"","format":"standard","meta":{"footnotes":""},"categories":[3],"tags":[],"class_list":["post-98737","post","type-post","status-publish","format-standard","has-post-thumbnail","category-masnoticias"],"_links":{"self":[{"href":"https:\/\/primicias2262.com\/noticias\/wp-json\/wp\/v2\/posts\/98737","targetHints":{"allow":["GET"]}}],"collection":[{"href":"https:\/\/primicias2262.com\/noticias\/wp-json\/wp\/v2\/posts"}],"about":[{"href":"https:\/\/primicias2262.com\/noticias\/wp-json\/wp\/v2\/types\/post"}],"author":[{"embeddable":true,"href":"https:\/\/primicias2262.com\/noticias\/wp-json\/wp\/v2\/users\/3"}],"replies":[{"embeddable":true,"href":"https:\/\/primicias2262.com\/noticias\/wp-json\/wp\/v2\/comments?post=98737"}],"version-history":[{"count":0,"href":"https:\/\/primicias2262.com\/noticias\/wp-json\/wp\/v2\/posts\/98737\/revisions"}],"wp:attachment":[{"href":"https:\/\/primicias2262.com\/noticias\/wp-json\/wp\/v2\/media?parent=98737"}],"wp:term":[{"taxonomy":"category","embeddable":true,"href":"https:\/\/primicias2262.com\/noticias\/wp-json\/wp\/v2\/categories?post=98737"},{"taxonomy":"post_tag","embeddable":true,"href":"https:\/\/primicias2262.com\/noticias\/wp-json\/wp\/v2\/tags?post=98737"}],"curies":[{"name":"wp","href":"https:\/\/api.w.org\/{rel}","templated":true}]}}