{"id":98741,"date":"2023-03-28T09:48:23","date_gmt":"2023-03-28T12:48:23","guid":{"rendered":"https:\/\/primicias2262.com\/?p=98741"},"modified":"2023-03-28T09:48:23","modified_gmt":"2023-03-28T12:48:23","slug":"daniel-carrion-para-el-lago-de-los-cisnes-la-temporada-ha-sido-excelente","status":"publish","type":"post","link":"https:\/\/primicias2262.com\/noticias\/daniel-carrion-para-el-lago-de-los-cisnes-la-temporada-ha-sido-excelente\/","title":{"rendered":"Daniel Carri\u00f3n: \u201cPara el Lago de los Cisnes la temporada ha sido excelente\u201d"},"content":{"rendered":"<p><strong>El due\u00f1o de la concesi\u00f3n del lago visit\u00f3 los estudios de \u201cVoces de la Ciudad\u201d y en charla con el periodista Jorge G\u00f3mez traz\u00f3 un balance muy positivo del verano, tanto para dicho predio como para el parque de diversiones que se ubic\u00f3 enfrente. En tanto, anticip\u00f3 que este a\u00f1o encarar\u00e1n la construcci\u00f3n de un refugio para la recuperaci\u00f3n de animales.<\/strong><\/p>\n<p>\u201cPara el Lago de los Cisnes la temporada ha sido excelente, hemos trabajado mucho. El balance est\u00e1 hecho y despu\u00e9s de Semana Santa ya cortamos para remozar y reparar el predio\u201d, comenz\u00f3 subrayando Carri\u00f3n, para se\u00f1alar que \u201cnos queda para este a\u00f1o poner m\u00e1s en valor el Lago, vamos a poner m\u00e1s bancos y mesas para que la gente se sienta m\u00e1s c\u00f3moda, porque vemos que la gente pasa hasta cuatro o cinco horas sentada tomando mates, dejando a los chicos sin ning\u00fan tipo de riesgo y teniendo la tranquilidad que no tienen que gastar nada si no quieren\u201d.<\/p>\n\n<p>Dando cuenta de un paseo econ\u00f3mico para el bolsillo familiar, asegur\u00f3 que seguir\u00e1n los descuentos de forma permanente para el vecino necochense y residentes, y confirm\u00f3 que el lago estar\u00e1 operativo durante la temporada baja, m\u00e1s que nada los fines de semana, \u201caunque nosotros vamos a estar todos los d\u00edas, pintando y con distintos trabajos para embellecer\u201d, acot\u00f3.<\/p>\n<p>Respecto a la parte de alojamiento que se encuentra lindante al Camping Miguel Lillo, Carri\u00f3n inform\u00f3 que \u201cel 10 de abril cerraremos los aparts por 15 d\u00edas para hacer recomposiciones y mantenimiento porque tuvieron un uso intenso, casi no hubo un d\u00eda sin gente\u201d, y avis\u00f3 que \u201ceste a\u00f1o ya no vamos a construir, sino el a\u00f1o siguiente para la temporada 2024\/25. Tenemos cuatro que son de dos plantas, con salida al lago y al mar. Tenemos c\u00e1maras y serenos, la parte de seguridad est\u00e1 complicada en general, pero nosotros no hemos tenido inconvenientes\u201d.<\/p>\n<p><a href=\"https:\/\/primicias2262.com\/wp-content\/uploads\/2023\/03\/lago-cisnes3.jpg\"><img loading=\"lazy\" decoding=\"async\" class=\"aligncenter size-full wp-image-98744\" src=\"https:\/\/primicias2262.com\/wp-content\/uploads\/2023\/03\/lago-cisnes3.jpg\" alt=\"\" width=\"1200\" height=\"900\" \/><\/a>En lo concerniente al parque de diversiones que funcion\u00f3 enfrente, el empresario rememor\u00f3 que \u201cdesde el Lago se hizo la asociaci\u00f3n civil \u201cAmigos del Lago\u201d, a la\u00a0 que la Municipalidad con excelente tino le ofreci\u00f3 el a\u00f1o pasado si ten\u00edamos el tiempo y las ganas de ocupar el lugar con algo bien hecho y un parque de diversiones\u201d, y si bien los tiempos fueron muy r\u00e1pidos para generar todo, de octubre a diciembre, Carri\u00f3n afirm\u00f3 que \u201ctodo funcion\u00f3 muy bien, hubo falencias l\u00f3gicas del apuro pero no hubo ning\u00fan inconveniente, se instalaron ba\u00f1os p\u00fablicos para la gente con discapacidad tambi\u00e9n, se armaron tres contenedores de comida para brindar ese servicio y se gener\u00f3 una sinergia muy linda que no se hab\u00eda dado con el circo el a\u00f1o anterior por las diferencias de horarios\u201d.<\/p>\n<p>\u201cEso te demuestra que cuando el privado y el municipio tiran en t\u00e1ndem vas como trompada\u201d, resalt\u00f3 a continuaci\u00f3n, para agregar: \u201cA nosotros la gente de la Municipalidad nos ha ayudado con un gran apoyo, te hacen cumplir con todo, pero en cada lugar nos ayudaron para llegar con tiempo y hacer las cosas bien\u201d, y como positivo aliciente enfatiz\u00f3 que \u201clogramos ordenar lo que hac\u00eda mucho tiempo que no se pod\u00eda ordenar en el lugar: el tr\u00e1nsito\u2026 pusimos separadores y funcion\u00f3, y la Municipalidad hizo un trabajo fant\u00e1stico con las m\u00e1quinas para que pudieran estacionar muchos autos y se trabaj\u00f3 en conjunto seriamente, y eso te marca que cuando se quiere, se puede\u201d.<\/p>\n<p><a href=\"https:\/\/primicias2262.com\/wp-content\/uploads\/2023\/03\/lago-cisnes1.jpg\"><img loading=\"lazy\" decoding=\"async\" class=\"aligncenter size-full wp-image-98742\" src=\"https:\/\/primicias2262.com\/wp-content\/uploads\/2023\/03\/lago-cisnes1.jpg\" alt=\"\" width=\"1440\" height=\"1080\" \/><\/a>Acerca de si la crisis econ\u00f3mica afect\u00f3 al consumo de la gente en el lago, Carri\u00f3n explic\u00f3 que \u201cel cambio de moneda se dio en medio de la temporada, en diciembre sal\u00edas a comer con mil pesos y en enero o febrero necesitabas 2500, sabemos que es as\u00ed y a una familia tipo con cuatro personas para todas las comidas se le complica, a pesar de ello, fue una excelente temporada para nosotros, hab\u00eda noches que la gente se quedaba hasta las 4 de la ma\u00f1ana\u201d.<\/p>\n<p>Incluso, revel\u00f3 que \u201cdescubrimos que el Lago se ha convertido en un \u00edcono para la gente de alrededor: viene mucha gente de Mar del Plata, as\u00ed como nosotros vamos a Aquarium, ellos vienen ac\u00e1\u201d.<\/p>\n<p><a href=\"https:\/\/primicias2262.com\/wp-content\/uploads\/2023\/03\/daniel-carrion.jpeg\"><img loading=\"lazy\" decoding=\"async\" class=\"aligncenter size-full wp-image-98752\" src=\"https:\/\/primicias2262.com\/wp-content\/uploads\/2023\/03\/daniel-carrion.jpeg\" alt=\"\" width=\"1024\" height=\"768\" \/><\/a>Para el cierre, Daniel Carri\u00f3n adelant\u00f3 que \u201cen el complejo este a\u00f1o haremos con la asociaci\u00f3n un refugio para recuperaci\u00f3n de animales, ser\u00e1 un edificio con veterinario, bi\u00f3logo y dem\u00e1s profesionales. Hicimos un convenio con la gente de Aquarium que ya lo estamos cerrando. El dise\u00f1o est\u00e1 hecho y el arquitecto present\u00f3 los planos, ahora es tiempo de empezar a trabajar con la asociaci\u00f3n para concretarlo\u201d.<\/p>\n","protected":false},"excerpt":{"rendered":"<p>El due\u00f1o de la concesi\u00f3n del lago visit\u00f3 los estudios de \u201cVoces de la Ciudad\u201d y en charla con el periodista Jorge G\u00f3mez traz\u00f3 un balance muy positivo del verano, tanto para dicho predio como para el parque de diversiones que se ubic\u00f3 enfrente. En tanto, anticip\u00f3 que este a\u00f1o encarar\u00e1n la construcci\u00f3n de un [&hellip;]<\/p>\n","protected":false},"author":3,"featured_media":98746,"comment_status":"closed","ping_status":"closed","sticky":false,"template":"","format":"standard","meta":{"footnotes":""},"categories":[3],"tags":[],"class_list":["post-98741","post","type-post","status-publish","format-standard","has-post-thumbnail","category-masnoticias"],"_links":{"self":[{"href":"https:\/\/primicias2262.com\/noticias\/wp-json\/wp\/v2\/posts\/98741","targetHints":{"allow":["GET"]}}],"collection":[{"href":"https:\/\/primicias2262.com\/noticias\/wp-json\/wp\/v2\/posts"}],"about":[{"href":"https:\/\/primicias2262.com\/noticias\/wp-json\/wp\/v2\/types\/post"}],"author":[{"embeddable":true,"href":"https:\/\/primicias2262.com\/noticias\/wp-json\/wp\/v2\/users\/3"}],"replies":[{"embeddable":true,"href":"https:\/\/primicias2262.com\/noticias\/wp-json\/wp\/v2\/comments?post=98741"}],"version-history":[{"count":0,"href":"https:\/\/primicias2262.com\/noticias\/wp-json\/wp\/v2\/posts\/98741\/revisions"}],"wp:attachment":[{"href":"https:\/\/primicias2262.com\/noticias\/wp-json\/wp\/v2\/media?parent=98741"}],"wp:term":[{"taxonomy":"category","embeddable":true,"href":"https:\/\/primicias2262.com\/noticias\/wp-json\/wp\/v2\/categories?post=98741"},{"taxonomy":"post_tag","embeddable":true,"href":"https:\/\/primicias2262.com\/noticias\/wp-json\/wp\/v2\/tags?post=98741"}],"curies":[{"name":"wp","href":"https:\/\/api.w.org\/{rel}","templated":true}]}}