{"id":98754,"date":"2023-03-28T14:21:13","date_gmt":"2023-03-28T17:21:13","guid":{"rendered":"https:\/\/primicias2262.com\/?p=98754"},"modified":"2023-03-28T14:21:13","modified_gmt":"2023-03-28T17:21:13","slug":"la-abogada-necochense-maria-silvina-besoin-expondra-en-el-vaticano-esta-semana","status":"publish","type":"post","link":"https:\/\/primicias2262.com\/noticias\/la-abogada-necochense-maria-silvina-besoin-expondra-en-el-vaticano-esta-semana\/","title":{"rendered":"La abogada necochense Mar\u00eda Silvina Besoin expondr\u00e1 en el Vaticano esta semana"},"content":{"rendered":"<p><strong>La Asesora de Incapaces, Mar\u00eda Silvina Besoin, ha sido invitada a participar en la Cumbre sobre Colonialismo, Descolonizaci\u00f3n y Neocolonialismo, organizada para este jueves 30 y viernes 31 de marzo en El Vaticano. La necochense recibi\u00f3 la invitaci\u00f3n de parte del Comit\u00e9 Panamericano de Jueces y Juezas por los Derechos Sociales y Doctrina Franciscana (COPAJU).<\/strong><\/p>\n<p>La Cumbre se transmitir\u00e1 de manera libre y en directo por YouTube, https:\/\/www.youtube.com\/CasinaPioIV (diferencia de cinco horas), y el cierre en la segunda y definitiva jornada lo har\u00e1 personalmente el Papa Francisco.<\/p>\n<p>Acerca de la participaci\u00f3n de Besoin en dicha cumbre, se basar\u00e1 en una Justicia Social con perspectiva de Bien Com\u00fan (30\/31 de marzo de 2023, Casina P\u00edo IV, El Vaticano), mediante lo cual examinar\u00e1 la problem\u00e1tica neocolonial desde los Derechos Sociales y la Doctrina Franciscana.<\/p>\n<p>\u201cNuestro trabajo se centrar\u00e1 en las secuelas neocoloniales en las manifestaciones actuales de injusticia, desigualdad global, cambio clim\u00e1tico incontrolado, desarrollo insostenible y migraciones masivas. Sobre todo, destacaremos el papel del sistema judicial, y dem\u00e1s instituciones de la sociedad, a la hora de abordar y revertir dichos desarrollos\u201d, anticip\u00f3.<\/p>\n<p>Vale puntualizar que esta Cumbre se centrar\u00e1 en los contextos africano y panamericano, con la participaci\u00f3n de sus respectivos Comit\u00e9s de Juezas y de Jueces por los Derechos Sociales y la Doctrina Franciscana.<\/p>\n<p><a href=\"\/Mis%20documentos\/Downloads\/Programa%20Cumbre%20COPAJU%20Y%20COAFJU%20(30-31%20marzo%20El%20Vaticano).pdf\" target=\"_blank\" rel=\"noopener\"><strong>Programa Cumbre<\/strong><\/a><\/p>\n","protected":false},"excerpt":{"rendered":"<p>La Asesora de Incapaces, Mar\u00eda Silvina Besoin, ha sido invitada a participar en la Cumbre sobre Colonialismo, Descolonizaci\u00f3n y Neocolonialismo, organizada para este jueves 30 y viernes 31 de marzo en El Vaticano. La necochense recibi\u00f3 la invitaci\u00f3n de parte del Comit\u00e9 Panamericano de Jueces y Juezas por los Derechos Sociales y Doctrina Franciscana (COPAJU). [&hellip;]<\/p>\n","protected":false},"author":3,"featured_media":98755,"comment_status":"closed","ping_status":"closed","sticky":false,"template":"","format":"standard","meta":{"footnotes":""},"categories":[3],"tags":[],"class_list":["post-98754","post","type-post","status-publish","format-standard","has-post-thumbnail","category-masnoticias"],"_links":{"self":[{"href":"https:\/\/primicias2262.com\/noticias\/wp-json\/wp\/v2\/posts\/98754","targetHints":{"allow":["GET"]}}],"collection":[{"href":"https:\/\/primicias2262.com\/noticias\/wp-json\/wp\/v2\/posts"}],"about":[{"href":"https:\/\/primicias2262.com\/noticias\/wp-json\/wp\/v2\/types\/post"}],"author":[{"embeddable":true,"href":"https:\/\/primicias2262.com\/noticias\/wp-json\/wp\/v2\/users\/3"}],"replies":[{"embeddable":true,"href":"https:\/\/primicias2262.com\/noticias\/wp-json\/wp\/v2\/comments?post=98754"}],"version-history":[{"count":0,"href":"https:\/\/primicias2262.com\/noticias\/wp-json\/wp\/v2\/posts\/98754\/revisions"}],"wp:attachment":[{"href":"https:\/\/primicias2262.com\/noticias\/wp-json\/wp\/v2\/media?parent=98754"}],"wp:term":[{"taxonomy":"category","embeddable":true,"href":"https:\/\/primicias2262.com\/noticias\/wp-json\/wp\/v2\/categories?post=98754"},{"taxonomy":"post_tag","embeddable":true,"href":"https:\/\/primicias2262.com\/noticias\/wp-json\/wp\/v2\/tags?post=98754"}],"curies":[{"name":"wp","href":"https:\/\/api.w.org\/{rel}","templated":true}]}}