{"id":98759,"date":"2023-03-28T14:46:20","date_gmt":"2023-03-28T17:46:20","guid":{"rendered":"https:\/\/primicias2262.com\/?p=98759"},"modified":"2023-03-28T14:46:20","modified_gmt":"2023-03-28T17:46:20","slug":"sentidos-relatos-de-excombatientes-a-pocos-dias-de-cumplirse-41-anos-de-la-gesta-de-malvinas","status":"publish","type":"post","link":"https:\/\/primicias2262.com\/noticias\/sentidos-relatos-de-excombatientes-a-pocos-dias-de-cumplirse-41-anos-de-la-gesta-de-malvinas\/","title":{"rendered":"Sentidos relatos de excombatientes a pocos d\u00edas de cumplirse 41 a\u00f1os de la Gesta de Malvinas"},"content":{"rendered":"<p><strong>Alejandro Lombardi y Guillermo Llugdar, del Centro de Veteranos de Malvinas de Necochea, pasaron por los estudios de \u201cVoces de la Ciudad\u201d y durante una nota realizada por el periodista Jorge G\u00f3mez brindaron su testimonio e informaron sobre los detalles de los actos de conmemoraci\u00f3n para el venidero fin de semana.<\/strong><\/p>\n<p>El pr\u00f3ximo domingo 2 de abril se cumplen 41 a\u00f1os del inicio de la Guerra de Malvinas, y si bien para la sociedad es una fecha que cobra importancia a esta altura del a\u00f1o, para quienes experimentaron la Gesta en persona es cosa de todos los d\u00edas.<\/p>\n<p>Tales los casos de dos de los excombatientes de Necochea, Alejandro Lombardi y Guillermo Llugdar, quienes al momento de llagar al lugar de los hechos hace m\u00e1s de cuatro d\u00e9cadas ten\u00edan 19 y 26 a\u00f1os, respectivamente. Llugdar se\u00f1al\u00f3 que \u201cyo estaba bastante torturado porque viv\u00eda la realidad, ve\u00eda a los chicos de 18 a\u00f1os que estaban en otro mundo, cuando vas realmente no s\u00e9 si ten\u00e9s el convencimiento de que eso es tuyo, porque siempre lo has le\u00eddo pero nunca lo has sentido, nunca pisaste el territorio\u201d.<\/p>\n<p><a href=\"https:\/\/primicias2262.com\/wp-content\/uploads\/2023\/03\/Lludgar-Lombardi2.jpg\"><img loading=\"lazy\" decoding=\"async\" class=\"alignleft size-medium wp-image-98760\" src=\"https:\/\/primicias2262.com\/wp-content\/uploads\/2023\/03\/Lludgar-Lombardi2-300x296.jpg\" alt=\"\" width=\"300\" height=\"296\" \/><\/a>De todos modos, asegur\u00f3 que \u201csi bien para la gente est\u00e1 lejano, para nosotros no es lejano, es cotidiano, todos los d\u00edas aparece en mi conciencia, cuando me levanto, al comer\u2026 no hay un d\u00eda que no me acuerde Malvinas\u201d, y testimoni\u00f3 que \u201cla experiencia me cambi\u00f3 muchas cosas: te altera, te trae tristezas, enojos, l\u00e1grimas que caen y que siempre son en soledad, porque uno tampoco quiere mostrarse vulnerable. Creo que as\u00ed tenga cinco minutos para tener un pensamiento libre, seguramente se me cruzar\u00e1 Malvinas igualmente\u201d.<\/p>\n<p>En el caso de Lombardi, revel\u00f3 que \u201ca m\u00ed me hizo muy bien el viaje que hicimos en 2007 porque logr\u00e9 ubicar la guerra en tiempo y lugar, la logr\u00e9 llevar 25 a\u00f1os para atr\u00e1s y desde ah\u00ed mejor\u00e9 con el sue\u00f1o y con la vida. Lo manejo diferente y no me afecta en el d\u00eda a d\u00eda actualmente\u2026 para nuestro interior eso fue sanador\u201d, y en eso algo de coincidencia hubo en Llugdar, quien cont\u00f3 que desde ese viaje en 2007 no volvi\u00f3 a tener pesadilla: \u201cTen\u00eda pesadillas muy feas, por eso no dije que me afecte, sino que lo recuerdo todos los d\u00edas\u201d.<\/p>\n<p>En cuanto a la actualidad del mundo, al ser consultados sobre la guerra de Ucrania expresaron respuestas dis\u00edmiles, mientras Lombardi dijo que no ve im\u00e1genes de la misma, Llugdar reconoci\u00f3 que \u201cme interesa verlo, es una guerra y yo estuve en una, entonces cuando veo a esa gente pienso en lo que est\u00e1 viviendo y creo entender bastante lo que est\u00e1n viviendo\u201d.<\/p>\n<p>Finalmente, en total coincidencia remarcaron que \u201cpara nosotros nos queda grande la palabra h\u00e9roes, se lo dejamos como homenaje interno a los muchachos que no pudieron volver con su familia y pueden decir que dieron su vida\u201d.<\/p>\n<p><strong>Poner en valor la fecha<\/strong><\/p>\n<p>Por otra parte, Lombardi resalt\u00f3 que actualmente alumnos de todas las edades acuden a la sede de los Veteranos, enfrente al Casino, para escuchar el relato de los excombatientes, sobre lo que asegur\u00f3 que \u201csomos pocos los que estamos en condiciones de poder hablar y los colegios este a\u00f1o nos sorprendieron arrancando mucho antes de lo que comenzaban, que lo hac\u00edan generalmente despu\u00e9s del 2 de abril. Tratamos de separar las edades, no es lo mismo un chico que reci\u00e9n arranca el secundario a uno que est\u00e1 por terminar ese nivel, y no es lo mismo que los chicos de 5to A\u00f1o de la primaria\u201d.<\/p>\n<p><strong>Para culminar, dieron detalles de c\u00f3mo ser\u00e1n los actos conmemorativos el fin de semana: \u201cLa Municipalidad nos convoc\u00f3 para ayudarnos y organizar el acto, que va a comenzar a las 23.45 del s\u00e1bado 1\u00ba de abril en el monumento a la Gesta de Malvinas de Quequ\u00e9n, donde se hace la vigilia en homenaje a los Ca\u00eddos, mientras que el domingo comenzaremos a las 10 con el acto en el monumento del centro en 59 y 56, y el acto central ser\u00e1 a las 10.45 nuevamente en el monumento de Quequ\u00e9n, donde hablar\u00e1 Julio Zapata, quien es sobreviviente del submarino General Belgrano, \u00fanico necochense que estaba ah\u00ed\u201d.<\/strong><\/p>\n","protected":false},"excerpt":{"rendered":"<p>Alejandro Lombardi y Guillermo Llugdar, del Centro de Veteranos de Malvinas de Necochea, pasaron por los estudios de \u201cVoces de la Ciudad\u201d y durante una nota realizada por el periodista Jorge G\u00f3mez brindaron su testimonio e informaron sobre los detalles de los actos de conmemoraci\u00f3n para el venidero fin de semana. El pr\u00f3ximo domingo 2 [&hellip;]<\/p>\n","protected":false},"author":3,"featured_media":88589,"comment_status":"closed","ping_status":"closed","sticky":false,"template":"","format":"standard","meta":{"footnotes":""},"categories":[3],"tags":[],"class_list":["post-98759","post","type-post","status-publish","format-standard","has-post-thumbnail","category-masnoticias"],"_links":{"self":[{"href":"https:\/\/primicias2262.com\/noticias\/wp-json\/wp\/v2\/posts\/98759","targetHints":{"allow":["GET"]}}],"collection":[{"href":"https:\/\/primicias2262.com\/noticias\/wp-json\/wp\/v2\/posts"}],"about":[{"href":"https:\/\/primicias2262.com\/noticias\/wp-json\/wp\/v2\/types\/post"}],"author":[{"embeddable":true,"href":"https:\/\/primicias2262.com\/noticias\/wp-json\/wp\/v2\/users\/3"}],"replies":[{"embeddable":true,"href":"https:\/\/primicias2262.com\/noticias\/wp-json\/wp\/v2\/comments?post=98759"}],"version-history":[{"count":0,"href":"https:\/\/primicias2262.com\/noticias\/wp-json\/wp\/v2\/posts\/98759\/revisions"}],"wp:attachment":[{"href":"https:\/\/primicias2262.com\/noticias\/wp-json\/wp\/v2\/media?parent=98759"}],"wp:term":[{"taxonomy":"category","embeddable":true,"href":"https:\/\/primicias2262.com\/noticias\/wp-json\/wp\/v2\/categories?post=98759"},{"taxonomy":"post_tag","embeddable":true,"href":"https:\/\/primicias2262.com\/noticias\/wp-json\/wp\/v2\/tags?post=98759"}],"curies":[{"name":"wp","href":"https:\/\/api.w.org\/{rel}","templated":true}]}}