{"id":98772,"date":"2023-03-29T14:08:51","date_gmt":"2023-03-29T17:08:51","guid":{"rendered":"https:\/\/primicias2262.com\/?p=98772"},"modified":"2023-03-29T14:08:51","modified_gmt":"2023-03-29T17:08:51","slug":"voy-a-trabajar-con-todo-mi-cuerpo-para-lograr-la-unidad-del-frente-de-todos-y-si-no-iremos-a-las-paso","status":"publish","type":"post","link":"https:\/\/primicias2262.com\/noticias\/voy-a-trabajar-con-todo-mi-cuerpo-para-lograr-la-unidad-del-frente-de-todos-y-si-no-iremos-a-las-paso\/","title":{"rendered":"\u201cVoy a trabajar con todo mi cuerpo para lograr la unidad del Frente de Todos y si no iremos a las PASO\u201d"},"content":{"rendered":"<p><strong>As\u00ed lo defini\u00f3 el actual concejal del Frente de Todos y precandidato a Intendente, Mauro Vel\u00e1zquez, durante una nueva visita a \u201cVoces de la Ciudad\u201d, donde dialog\u00f3 con el periodista Jorge G\u00f3mez.<\/strong><\/p>\n<p>Teniendo en cuenta la amplitud de sectores que convergen en el Frente de Todos, Vel\u00e1zquez reafirm\u00f3 que deben primar los proyectos que beneficien a la gente, sobre todo en cuestiones fundamentales en los que la ciudad, a su entender, atrasa varios a\u00f1os.<\/p>\n<p>\u201cTenemos que fijarnos en las cuestiones de fondo de la gente\u2026 yo s\u00e9 que los espacios p\u00fablicos est\u00e1n cada d\u00eda m\u00e1s lindos, y es importante, pero las otras son las obras fundamentales, las de agua o cloacas, que es darle derechos a la gente\u201d, argument\u00f3 el edil, y acto seguido insisti\u00f3 en el di\u00e1logo y en el proyecto en com\u00fan: \u201cEl distrito es amplio y hay que tener un mensaje para todos los sectores, y a la sociedad hay que presentarle el mejor proyecto del Frente de Todos\u201d.<\/p>\n<p>Agreg\u00f3 a ello que \u201chay que estar a la altura de las circunstancias, somos gobierno a nivel nacional y provincial y tenemos intenciones de gobernar el distrito, y para eso hay que dialogar mucho, hay que quitar lo personal y buscar un proyecto que conduzca los destinos de la ciudad, as\u00ed que voy a trabajar para que suceda una lista de unidad\u201d, acotando que \u201cvoy a trabajar con todo mi cuerpo para lograr la unidad del Frente de Todos, y si no se da tendremos que ir a las PASO\u201d.<\/p>\n<p><a href=\"https:\/\/primicias2262.com\/wp-content\/uploads\/2023\/03\/mauro-velazquez1.jpeg\"><img loading=\"lazy\" decoding=\"async\" class=\"alignleft size-medium wp-image-98774\" src=\"https:\/\/primicias2262.com\/wp-content\/uploads\/2023\/03\/mauro-velazquez1-300x225.jpeg\" alt=\"\" width=\"300\" height=\"225\" \/><\/a>Desde lo personal, Vel\u00e1zquez se apunt\u00f3 que \u201cno hemos dejado de militar nunca y siempre la vocaci\u00f3n \u00a0de uno es construir y sumar gente. La base del Frente Renovador est\u00e1 intacta y a diferencia de algunos espacios que abren locales despu\u00e9s de estar cerrados por tres o cuatro a\u00f1os, nosotros venimos trabajando haya elecci\u00f3n o no. Tenemos un trabajo de territorio que se viene haciendo y sosteniendo\u201d.<\/p>\n<p>En ese sentido, reflej\u00f3 que \u201cnuestro equipo trabaja hace tiempo en plataforma de proyectos para presentar y que los vecinos sepan lo que pretendemos para la ciudad. No es una campa\u00f1a para vender espejitos de colores\u201d sino que \u201cprimero hay posicionarse sobre la realidad que estamos viviendo: la gente est\u00e1 cansada del sector pol\u00edtico porque muchas cosas no se cumplen, vemos que la gente cada vez la pasa peor, y lo importante es empezar a darle calidad de vida, y por ello hay que empezar a resolver los temas de fondo, ll\u00e1mese, agua, cloacas e iluminaci\u00f3n, que son fundamentales para la vida de la sociedad, y la verdad es que no todos los barrios pasan por la misma realidad\u201d.<\/p>\n<p>A continuaci\u00f3n volvi\u00f3 a destacar la generosidad y la confianza de Facundo y Jimena L\u00f3pez, sus referentes del Frente Renovador. \u201cUno pone la cara pero atr\u00e1s hay un equipo y militantes que sue\u00f1an con estar nuevamente en la Municipalidad y tener una mirada a futuro en la ciudad, fortalecer las cosas que se est\u00e1n haciendo y mejorarlas si es necesario\u201d, adujo Mauro, para asegurar que \u201ces fundamental tener experiencia, ya que la pol\u00edtica se banaliz\u00f3 hace un tiempo, empiezan a medir mucho ciertas personas y a ser conocidas y flaco favor le han hecho a la pol\u00edtica, eso ha bajado el nivel de discusi\u00f3n y de responsabilidad\u201d.<\/p>\n<p>Adem\u00e1s de las cuestiones b\u00e1sicas de la gente que mencion\u00f3 anteriormente, Vel\u00e1zquez puso el acento en otros lineamientos para su eventual gesti\u00f3n: \u201cEl turismo es una industria para explotar al 100% durante todo el a\u00f1o, sabemos lo que el turismo genera en una ciudad como la nuestra; tambi\u00e9n la educaci\u00f3n, con la posibilidad de que los j\u00f3venes elijan quedarse a estudiar y no sean expulsados de nuestra ciudad; el tema de la vivienda, que tenemos un d\u00e9ficit incre\u00edble. Es un disparate que la pol\u00edtica no se pueda sentar en la mesa a trabajar sobre estos cuatro o cinco temas\u201d.<\/p>\n<p>Finalmente, el exfuncionario municipal anticip\u00f3 que a mediados de abril inaugurar\u00e1 su nuevo bunker de cara a las PASO, que se encuentra en calle 60 entre 63 y 65. \u201cEstamos terminando de armarlo y en breve se inaugurar\u00e1, a mediados de abril, as\u00ed que contento\u201d, concluy\u00f3.<\/p>\n","protected":false},"excerpt":{"rendered":"<p>As\u00ed lo defini\u00f3 el actual concejal del Frente de Todos y precandidato a Intendente, Mauro Vel\u00e1zquez, durante una nueva visita a \u201cVoces de la Ciudad\u201d, donde dialog\u00f3 con el periodista Jorge G\u00f3mez. Teniendo en cuenta la amplitud de sectores que convergen en el Frente de Todos, Vel\u00e1zquez reafirm\u00f3 que deben primar los proyectos que beneficien [&hellip;]<\/p>\n","protected":false},"author":3,"featured_media":98773,"comment_status":"closed","ping_status":"closed","sticky":false,"template":"","format":"standard","meta":{"footnotes":""},"categories":[3],"tags":[],"class_list":["post-98772","post","type-post","status-publish","format-standard","has-post-thumbnail","category-masnoticias"],"_links":{"self":[{"href":"https:\/\/primicias2262.com\/noticias\/wp-json\/wp\/v2\/posts\/98772","targetHints":{"allow":["GET"]}}],"collection":[{"href":"https:\/\/primicias2262.com\/noticias\/wp-json\/wp\/v2\/posts"}],"about":[{"href":"https:\/\/primicias2262.com\/noticias\/wp-json\/wp\/v2\/types\/post"}],"author":[{"embeddable":true,"href":"https:\/\/primicias2262.com\/noticias\/wp-json\/wp\/v2\/users\/3"}],"replies":[{"embeddable":true,"href":"https:\/\/primicias2262.com\/noticias\/wp-json\/wp\/v2\/comments?post=98772"}],"version-history":[{"count":0,"href":"https:\/\/primicias2262.com\/noticias\/wp-json\/wp\/v2\/posts\/98772\/revisions"}],"wp:attachment":[{"href":"https:\/\/primicias2262.com\/noticias\/wp-json\/wp\/v2\/media?parent=98772"}],"wp:term":[{"taxonomy":"category","embeddable":true,"href":"https:\/\/primicias2262.com\/noticias\/wp-json\/wp\/v2\/categories?post=98772"},{"taxonomy":"post_tag","embeddable":true,"href":"https:\/\/primicias2262.com\/noticias\/wp-json\/wp\/v2\/tags?post=98772"}],"curies":[{"name":"wp","href":"https:\/\/api.w.org\/{rel}","templated":true}]}}